{"id":4800,"date":"2023-09-19T17:00:14","date_gmt":"2023-09-19T15:00:14","guid":{"rendered":"https:\/\/www.airmatic.es\/2023\/09\/19\/unicef-multiplica-per-la-infancia\/"},"modified":"2024-05-06T11:23:53","modified_gmt":"2024-05-06T09:23:53","slug":"unicef-multiplica-per-la-infancia","status":"publish","type":"post","link":"https:\/\/www.airmatic.es\/ca\/unicef-multiplica-per-la-infancia\/","title":{"rendered":"Unicef multiplica per la inf\u00e0ncia"},"content":{"rendered":"<p>Airmatic col\u00b7labora anualment amb el programa Multiplica per la Inf\u00e0ncia d&#8217;Unicef. El qual t\u00e9 com a objectiu la construcci\u00f3 d&#8217; escoles i oferir un ensenyament de qualitat a infants de pa\u00efsos subdesenvolupats. Des de 2005 Multiplica per la Inf\u00e0ncia ha ajudat m\u00e9s de 30 milions de nens de 13 pa\u00efsos diferents. A Airmatic estem compromesos amb una educaci\u00f3 de qualitat com a mitj\u00e0 per ajudar a sortir de la pobresa i construir una societat m\u00e9s sana i s\u00f2lida.<\/p>\n","protected":false},"excerpt":{"rendered":"<p>Airmatic col\u00b7labora anualment amb el programa Multiplica per la Inf\u00e0ncia d&#8217;Unicef. El qual t\u00e9 com a objectiu la construcci\u00f3 d&#8217; escoles i oferir un ensenyament de qualitat a infants de pa\u00efsos subdesenvolupats. Des de 2005 Multiplica per la Inf\u00e0ncia ha ajudat m\u00e9s de 30 milions de nens de 13 pa\u00efsos diferents. A Airmatic estem compromesos [&hellip;]<\/p>\n","protected":false},"author":4,"featured_media":4783,"comment_status":"open","ping_status":"open","sticky":false,"template":"","format":"standard","meta":{"footnotes":""},"categories":[102],"tags":[],"class_list":["post-4800","post","type-post","status-publish","format-standard","has-post-thumbnail","hentry","category-rsc-ca"],"yoast_head":"<!-- This site is optimized with the Yoast SEO plugin v27.4 - https:\/\/yoast.com\/product\/yoast-seo-wordpress\/ -->\n<title>Unicef multiplica per la inf\u00e0ncia - Airmatic<\/title>\n<meta name=\"robots\" content=\"noindex, follow\" \/>\n<meta property=\"og:locale\" content=\"ca_ES\" \/>\n<meta property=\"og:type\" content=\"article\" \/>\n<meta property=\"og:title\" content=\"Unicef multiplica per la inf\u00e0ncia - Airmatic\" \/>\n<meta property=\"og:description\" content=\"Airmatic col\u00b7labora anualment amb el programa Multiplica per la Inf\u00e0ncia d&#8217;Unicef. El qual t\u00e9 com a objectiu la construcci\u00f3 d&#8217; escoles i oferir un ensenyament de qualitat a infants de pa\u00efsos subdesenvolupats. Des de 2005 Multiplica per la Inf\u00e0ncia ha ajudat m\u00e9s de 30 milions de nens de 13 pa\u00efsos diferents. A Airmatic estem compromesos [&hellip;]\" \/>\n<meta property=\"og:url\" content=\"https:\/\/www.airmatic.es\/ca\/unicef-multiplica-per-la-infancia\/\" \/>\n<meta property=\"og:site_name\" content=\"Airmatic\" \/>\n<meta property=\"article:published_time\" content=\"2023-09-19T15:00:14+00:00\" \/>\n<meta property=\"article:modified_time\" content=\"2024-05-06T09:23:53+00:00\" \/>\n<meta property=\"og:image\" content=\"https:\/\/www.airmatic.es\/wp-content\/uploads\/2023\/09\/unicef-infancia-rsc.png\" \/>\n\t<meta property=\"og:image:width\" content=\"300\" \/>\n\t<meta property=\"og:image:height\" content=\"150\" \/>\n\t<meta property=\"og:image:type\" content=\"image\/png\" \/>\n<meta name=\"author\" content=\"Airmatic\" \/>\n<meta name=\"twitter:card\" content=\"summary_large_image\" \/>\n<meta name=\"twitter:label1\" content=\"Escrit per\" \/>\n\t<meta name=\"twitter:data1\" content=\"Airmatic\" \/>\n<script type=\"application\/ld+json\" class=\"yoast-schema-graph\">{\"@context\":\"https:\\\/\\\/schema.org\",\"@graph\":[{\"@type\":\"Article\",\"@id\":\"https:\\\/\\\/www.airmatic.es\\\/ca\\\/unicef-multiplica-per-la-infancia\\\/#article\",\"isPartOf\":{\"@id\":\"https:\\\/\\\/www.airmatic.es\\\/ca\\\/unicef-multiplica-per-la-infancia\\\/\"},\"author\":{\"name\":\"Airmatic\",\"@id\":\"https:\\\/\\\/www.airmatic.es\\\/ca\\\/#\\\/schema\\\/person\\\/8fd963f6c991e0a7f7d108582485dfd3\"},\"headline\":\"Unicef multiplica per la inf\u00e0ncia\",\"datePublished\":\"2023-09-19T15:00:14+00:00\",\"dateModified\":\"2024-05-06T09:23:53+00:00\",\"mainEntityOfPage\":{\"@id\":\"https:\\\/\\\/www.airmatic.es\\\/ca\\\/unicef-multiplica-per-la-infancia\\\/\"},\"wordCount\":90,\"commentCount\":0,\"publisher\":{\"@id\":\"https:\\\/\\\/www.airmatic.es\\\/ca\\\/#organization\"},\"image\":{\"@id\":\"https:\\\/\\\/www.airmatic.es\\\/ca\\\/unicef-multiplica-per-la-infancia\\\/#primaryimage\"},\"thumbnailUrl\":\"https:\\\/\\\/www.airmatic.es\\\/wp-content\\\/uploads\\\/2023\\\/09\\\/unicef-infancia-rsc.png\",\"articleSection\":[\"RSC\"],\"inLanguage\":\"ca\",\"potentialAction\":[{\"@type\":\"CommentAction\",\"name\":\"Comment\",\"target\":[\"https:\\\/\\\/www.airmatic.es\\\/ca\\\/unicef-multiplica-per-la-infancia\\\/#respond\"]}]},{\"@type\":\"WebPage\",\"@id\":\"https:\\\/\\\/www.airmatic.es\\\/ca\\\/unicef-multiplica-per-la-infancia\\\/\",\"url\":\"https:\\\/\\\/www.airmatic.es\\\/ca\\\/unicef-multiplica-per-la-infancia\\\/\",\"name\":\"Unicef multiplica per la inf\u00e0ncia - Airmatic\",\"isPartOf\":{\"@id\":\"https:\\\/\\\/www.airmatic.es\\\/ca\\\/#website\"},\"primaryImageOfPage\":{\"@id\":\"https:\\\/\\\/www.airmatic.es\\\/ca\\\/unicef-multiplica-per-la-infancia\\\/#primaryimage\"},\"image\":{\"@id\":\"https:\\\/\\\/www.airmatic.es\\\/ca\\\/unicef-multiplica-per-la-infancia\\\/#primaryimage\"},\"thumbnailUrl\":\"https:\\\/\\\/www.airmatic.es\\\/wp-content\\\/uploads\\\/2023\\\/09\\\/unicef-infancia-rsc.png\",\"datePublished\":\"2023-09-19T15:00:14+00:00\",\"dateModified\":\"2024-05-06T09:23:53+00:00\",\"breadcrumb\":{\"@id\":\"https:\\\/\\\/www.airmatic.es\\\/ca\\\/unicef-multiplica-per-la-infancia\\\/#breadcrumb\"},\"inLanguage\":\"ca\",\"potentialAction\":[{\"@type\":\"ReadAction\",\"target\":[\"https:\\\/\\\/www.airmatic.es\\\/ca\\\/unicef-multiplica-per-la-infancia\\\/\"]}]},{\"@type\":\"ImageObject\",\"inLanguage\":\"ca\",\"@id\":\"https:\\\/\\\/www.airmatic.es\\\/ca\\\/unicef-multiplica-per-la-infancia\\\/#primaryimage\",\"url\":\"https:\\\/\\\/www.airmatic.es\\\/wp-content\\\/uploads\\\/2023\\\/09\\\/unicef-infancia-rsc.png\",\"contentUrl\":\"https:\\\/\\\/www.airmatic.es\\\/wp-content\\\/uploads\\\/2023\\\/09\\\/unicef-infancia-rsc.png\",\"width\":300,\"height\":150,\"caption\":\"Logo de Unicef, del programa multiplica por la infancia\"},{\"@type\":\"BreadcrumbList\",\"@id\":\"https:\\\/\\\/www.airmatic.es\\\/ca\\\/unicef-multiplica-per-la-infancia\\\/#breadcrumb\",\"itemListElement\":[{\"@type\":\"ListItem\",\"position\":1,\"name\":\"Portada\",\"item\":\"https:\\\/\\\/www.airmatic.es\\\/ca\\\/airmatic-solucions-industrials-dalta-eficiencia\\\/\"},{\"@type\":\"ListItem\",\"position\":2,\"name\":\"Unicef multiplica per la inf\u00e0ncia\"}]},{\"@type\":\"WebSite\",\"@id\":\"https:\\\/\\\/www.airmatic.es\\\/ca\\\/#website\",\"url\":\"https:\\\/\\\/www.airmatic.es\\\/ca\\\/\",\"name\":\"Airmatic\",\"description\":\"Airmatic: Soluciones Industriales de alta eficiencia\",\"publisher\":{\"@id\":\"https:\\\/\\\/www.airmatic.es\\\/ca\\\/#organization\"},\"potentialAction\":[{\"@type\":\"SearchAction\",\"target\":{\"@type\":\"EntryPoint\",\"urlTemplate\":\"https:\\\/\\\/www.airmatic.es\\\/ca\\\/?s={search_term_string}\"},\"query-input\":{\"@type\":\"PropertyValueSpecification\",\"valueRequired\":true,\"valueName\":\"search_term_string\"}}],\"inLanguage\":\"ca\"},{\"@type\":\"Organization\",\"@id\":\"https:\\\/\\\/www.airmatic.es\\\/ca\\\/#organization\",\"name\":\"Airmatic\",\"url\":\"https:\\\/\\\/www.airmatic.es\\\/ca\\\/\",\"logo\":{\"@type\":\"ImageObject\",\"inLanguage\":\"ca\",\"@id\":\"https:\\\/\\\/www.airmatic.es\\\/ca\\\/#\\\/schema\\\/logo\\\/image\\\/\",\"url\":\"https:\\\/\\\/www.airmatic.es\\\/wp-content\\\/uploads\\\/2024\\\/05\\\/cropped-Logotip-Airmatic-scaled-1.webp\",\"contentUrl\":\"https:\\\/\\\/www.airmatic.es\\\/wp-content\\\/uploads\\\/2024\\\/05\\\/cropped-Logotip-Airmatic-scaled-1.webp\",\"width\":2559,\"height\":808,\"caption\":\"Airmatic\"},\"image\":{\"@id\":\"https:\\\/\\\/www.airmatic.es\\\/ca\\\/#\\\/schema\\\/logo\\\/image\\\/\"}},{\"@type\":\"Person\",\"@id\":\"https:\\\/\\\/www.airmatic.es\\\/ca\\\/#\\\/schema\\\/person\\\/8fd963f6c991e0a7f7d108582485dfd3\",\"name\":\"Airmatic\",\"image\":{\"@type\":\"ImageObject\",\"inLanguage\":\"ca\",\"@id\":\"https:\\\/\\\/secure.gravatar.com\\\/avatar\\\/314446466896ba2cd3050a3060ff308dbe353dcb40efbae4a7298f902a1dd522?s=96&d=mm&r=g\",\"url\":\"https:\\\/\\\/secure.gravatar.com\\\/avatar\\\/314446466896ba2cd3050a3060ff308dbe353dcb40efbae4a7298f902a1dd522?s=96&d=mm&r=g\",\"contentUrl\":\"https:\\\/\\\/secure.gravatar.com\\\/avatar\\\/314446466896ba2cd3050a3060ff308dbe353dcb40efbae4a7298f902a1dd522?s=96&d=mm&r=g\",\"caption\":\"Airmatic\"}}]}<\/script>\n<!-- \/ Yoast SEO plugin. -->","yoast_head_json":{"title":"Unicef multiplica per la inf\u00e0ncia - Airmatic","robots":{"index":"noindex","follow":"follow"},"og_locale":"ca_ES","og_type":"article","og_title":"Unicef multiplica per la inf\u00e0ncia - Airmatic","og_description":"Airmatic col\u00b7labora anualment amb el programa Multiplica per la Inf\u00e0ncia d&#8217;Unicef. El qual t\u00e9 com a objectiu la construcci\u00f3 d&#8217; escoles i oferir un ensenyament de qualitat a infants de pa\u00efsos subdesenvolupats. Des de 2005 Multiplica per la Inf\u00e0ncia ha ajudat m\u00e9s de 30 milions de nens de 13 pa\u00efsos diferents. A Airmatic estem compromesos [&hellip;]","og_url":"https:\/\/www.airmatic.es\/ca\/unicef-multiplica-per-la-infancia\/","og_site_name":"Airmatic","article_published_time":"2023-09-19T15:00:14+00:00","article_modified_time":"2024-05-06T09:23:53+00:00","og_image":[{"width":300,"height":150,"url":"https:\/\/www.airmatic.es\/wp-content\/uploads\/2023\/09\/unicef-infancia-rsc.png","type":"image\/png"}],"author":"Airmatic","twitter_card":"summary_large_image","twitter_misc":{"Escrit per":"Airmatic"},"schema":{"@context":"https:\/\/schema.org","@graph":[{"@type":"Article","@id":"https:\/\/www.airmatic.es\/ca\/unicef-multiplica-per-la-infancia\/#article","isPartOf":{"@id":"https:\/\/www.airmatic.es\/ca\/unicef-multiplica-per-la-infancia\/"},"author":{"name":"Airmatic","@id":"https:\/\/www.airmatic.es\/ca\/#\/schema\/person\/8fd963f6c991e0a7f7d108582485dfd3"},"headline":"Unicef multiplica per la inf\u00e0ncia","datePublished":"2023-09-19T15:00:14+00:00","dateModified":"2024-05-06T09:23:53+00:00","mainEntityOfPage":{"@id":"https:\/\/www.airmatic.es\/ca\/unicef-multiplica-per-la-infancia\/"},"wordCount":90,"commentCount":0,"publisher":{"@id":"https:\/\/www.airmatic.es\/ca\/#organization"},"image":{"@id":"https:\/\/www.airmatic.es\/ca\/unicef-multiplica-per-la-infancia\/#primaryimage"},"thumbnailUrl":"https:\/\/www.airmatic.es\/wp-content\/uploads\/2023\/09\/unicef-infancia-rsc.png","articleSection":["RSC"],"inLanguage":"ca","potentialAction":[{"@type":"CommentAction","name":"Comment","target":["https:\/\/www.airmatic.es\/ca\/unicef-multiplica-per-la-infancia\/#respond"]}]},{"@type":"WebPage","@id":"https:\/\/www.airmatic.es\/ca\/unicef-multiplica-per-la-infancia\/","url":"https:\/\/www.airmatic.es\/ca\/unicef-multiplica-per-la-infancia\/","name":"Unicef multiplica per la inf\u00e0ncia - Airmatic","isPartOf":{"@id":"https:\/\/www.airmatic.es\/ca\/#website"},"primaryImageOfPage":{"@id":"https:\/\/www.airmatic.es\/ca\/unicef-multiplica-per-la-infancia\/#primaryimage"},"image":{"@id":"https:\/\/www.airmatic.es\/ca\/unicef-multiplica-per-la-infancia\/#primaryimage"},"thumbnailUrl":"https:\/\/www.airmatic.es\/wp-content\/uploads\/2023\/09\/unicef-infancia-rsc.png","datePublished":"2023-09-19T15:00:14+00:00","dateModified":"2024-05-06T09:23:53+00:00","breadcrumb":{"@id":"https:\/\/www.airmatic.es\/ca\/unicef-multiplica-per-la-infancia\/#breadcrumb"},"inLanguage":"ca","potentialAction":[{"@type":"ReadAction","target":["https:\/\/www.airmatic.es\/ca\/unicef-multiplica-per-la-infancia\/"]}]},{"@type":"ImageObject","inLanguage":"ca","@id":"https:\/\/www.airmatic.es\/ca\/unicef-multiplica-per-la-infancia\/#primaryimage","url":"https:\/\/www.airmatic.es\/wp-content\/uploads\/2023\/09\/unicef-infancia-rsc.png","contentUrl":"https:\/\/www.airmatic.es\/wp-content\/uploads\/2023\/09\/unicef-infancia-rsc.png","width":300,"height":150,"caption":"Logo de Unicef, del programa multiplica por la infancia"},{"@type":"BreadcrumbList","@id":"https:\/\/www.airmatic.es\/ca\/unicef-multiplica-per-la-infancia\/#breadcrumb","itemListElement":[{"@type":"ListItem","position":1,"name":"Portada","item":"https:\/\/www.airmatic.es\/ca\/airmatic-solucions-industrials-dalta-eficiencia\/"},{"@type":"ListItem","position":2,"name":"Unicef multiplica per la inf\u00e0ncia"}]},{"@type":"WebSite","@id":"https:\/\/www.airmatic.es\/ca\/#website","url":"https:\/\/www.airmatic.es\/ca\/","name":"Airmatic","description":"Airmatic: Soluciones Industriales de alta eficiencia","publisher":{"@id":"https:\/\/www.airmatic.es\/ca\/#organization"},"potentialAction":[{"@type":"SearchAction","target":{"@type":"EntryPoint","urlTemplate":"https:\/\/www.airmatic.es\/ca\/?s={search_term_string}"},"query-input":{"@type":"PropertyValueSpecification","valueRequired":true,"valueName":"search_term_string"}}],"inLanguage":"ca"},{"@type":"Organization","@id":"https:\/\/www.airmatic.es\/ca\/#organization","name":"Airmatic","url":"https:\/\/www.airmatic.es\/ca\/","logo":{"@type":"ImageObject","inLanguage":"ca","@id":"https:\/\/www.airmatic.es\/ca\/#\/schema\/logo\/image\/","url":"https:\/\/www.airmatic.es\/wp-content\/uploads\/2024\/05\/cropped-Logotip-Airmatic-scaled-1.webp","contentUrl":"https:\/\/www.airmatic.es\/wp-content\/uploads\/2024\/05\/cropped-Logotip-Airmatic-scaled-1.webp","width":2559,"height":808,"caption":"Airmatic"},"image":{"@id":"https:\/\/www.airmatic.es\/ca\/#\/schema\/logo\/image\/"}},{"@type":"Person","@id":"https:\/\/www.airmatic.es\/ca\/#\/schema\/person\/8fd963f6c991e0a7f7d108582485dfd3","name":"Airmatic","image":{"@type":"ImageObject","inLanguage":"ca","@id":"https:\/\/secure.gravatar.com\/avatar\/314446466896ba2cd3050a3060ff308dbe353dcb40efbae4a7298f902a1dd522?s=96&d=mm&r=g","url":"https:\/\/secure.gravatar.com\/avatar\/314446466896ba2cd3050a3060ff308dbe353dcb40efbae4a7298f902a1dd522?s=96&d=mm&r=g","contentUrl":"https:\/\/secure.gravatar.com\/avatar\/314446466896ba2cd3050a3060ff308dbe353dcb40efbae4a7298f902a1dd522?s=96&d=mm&r=g","caption":"Airmatic"}}]}},"_links":{"self":[{"href":"https:\/\/www.airmatic.es\/ca\/wp-json\/wp\/v2\/posts\/4800","targetHints":{"allow":["GET"]}}],"collection":[{"href":"https:\/\/www.airmatic.es\/ca\/wp-json\/wp\/v2\/posts"}],"about":[{"href":"https:\/\/www.airmatic.es\/ca\/wp-json\/wp\/v2\/types\/post"}],"author":[{"embeddable":true,"href":"https:\/\/www.airmatic.es\/ca\/wp-json\/wp\/v2\/users\/4"}],"replies":[{"embeddable":true,"href":"https:\/\/www.airmatic.es\/ca\/wp-json\/wp\/v2\/comments?post=4800"}],"version-history":[{"count":0,"href":"https:\/\/www.airmatic.es\/ca\/wp-json\/wp\/v2\/posts\/4800\/revisions"}],"wp:featuredmedia":[{"embeddable":true,"href":"https:\/\/www.airmatic.es\/ca\/wp-json\/wp\/v2\/media\/4783"}],"wp:attachment":[{"href":"https:\/\/www.airmatic.es\/ca\/wp-json\/wp\/v2\/media?parent=4800"}],"wp:term":[{"taxonomy":"category","embeddable":true,"href":"https:\/\/www.airmatic.es\/ca\/wp-json\/wp\/v2\/categories?post=4800"},{"taxonomy":"post_tag","embeddable":true,"href":"https:\/\/www.airmatic.es\/ca\/wp-json\/wp\/v2\/tags?post=4800"}],"curies":[{"name":"wp","href":"https:\/\/api.w.org\/{rel}","templated":true}]}}