{"id":4803,"date":"2023-09-19T16:50:37","date_gmt":"2023-09-19T14:50:37","guid":{"rendered":"https:\/\/www.airmatic.es\/2023\/09\/19\/formant-els-joves\/"},"modified":"2024-04-10T09:59:48","modified_gmt":"2024-04-10T07:59:48","slug":"formant-els-joves","status":"publish","type":"post","link":"https:\/\/www.airmatic.es\/ca\/formant-els-joves\/","title":{"rendered":"Formant els joves"},"content":{"rendered":"<p>Des de 1999 Airmatic ve apostant per la incorporaci\u00f3 de l&#8217;\u00faltima tecnologia a les escoles d&#8217;ensenyament t\u00e8cnic superior. Prova d&#8217;aix\u00f2, \u00e9s que en aquell mateix any Airmatic va ser l&#8217;encarregada de realitzar la primera formaci\u00f3 espec\u00edfica a CNC a tots els docents de les Escoles Industrials de la Generalitat de Catalunya. Actualment aquests docents s\u00f3n els responsables de la formaci\u00f3 de les noves generacions.<\/p>\n<details>\n<summary>Veure m\u00e9s<\/summary>\n<div>Airmatic desenvolupa una tasca formativa amb els joves que estan estudiant Formaci\u00f3 Professional per incorporar-se al sector de la fusteria.<\/div>\n<div>Per a aix\u00f2, posem a disposici\u00f3 de diversos centres formatius l&#8217;\u00faltima tecnologia a nivell productiu perqu\u00e8 els joves fusters es familiaritzin amb ella i s&#8217;incorporin amb garanties a un mercat cada vegada m\u00e9s competent i exigent.<\/div>\n<\/details>\n","protected":false},"excerpt":{"rendered":"<p>Des de 1999 Airmatic ve apostant per la incorporaci\u00f3 de l&#8217;\u00faltima tecnologia a les escoles d&#8217;ensenyament t\u00e8cnic superior. Prova d&#8217;aix\u00f2, \u00e9s que en aquell mateix any Airmatic va ser l&#8217;encarregada de realitzar la primera formaci\u00f3 espec\u00edfica a CNC a tots els docents de les Escoles Industrials de la Generalitat de Catalunya. Actualment aquests docents s\u00f3n [&hellip;]<\/p>\n","protected":false},"author":4,"featured_media":4775,"comment_status":"open","ping_status":"open","sticky":false,"template":"","format":"standard","meta":{"footnotes":""},"categories":[],"tags":[],"class_list":["post-4803","post","type-post","status-publish","format-standard","has-post-thumbnail","hentry"],"yoast_head":"<!-- This site is optimized with the Yoast SEO plugin v27.4 - https:\/\/yoast.com\/product\/yoast-seo-wordpress\/ -->\n<title>Formant els joves - Airmatic<\/title>\n<meta name=\"robots\" content=\"noindex, follow\" \/>\n<meta property=\"og:locale\" content=\"ca_ES\" \/>\n<meta property=\"og:type\" content=\"article\" \/>\n<meta property=\"og:title\" content=\"Formant els joves - Airmatic\" \/>\n<meta property=\"og:description\" content=\"Des de 1999 Airmatic ve apostant per la incorporaci\u00f3 de l&#8217;\u00faltima tecnologia a les escoles d&#8217;ensenyament t\u00e8cnic superior. Prova d&#8217;aix\u00f2, \u00e9s que en aquell mateix any Airmatic va ser l&#8217;encarregada de realitzar la primera formaci\u00f3 espec\u00edfica a CNC a tots els docents de les Escoles Industrials de la Generalitat de Catalunya. Actualment aquests docents s\u00f3n [&hellip;]\" \/>\n<meta property=\"og:url\" content=\"https:\/\/www.airmatic.es\/ca\/formant-els-joves\/\" \/>\n<meta property=\"og:site_name\" content=\"Airmatic\" \/>\n<meta property=\"article:published_time\" content=\"2023-09-19T14:50:37+00:00\" \/>\n<meta property=\"article:modified_time\" content=\"2024-04-10T07:59:48+00:00\" \/>\n<meta property=\"og:image\" content=\"https:\/\/www.airmatic.es\/wp-content\/uploads\/2023\/09\/formacion.jpg\" \/>\n\t<meta property=\"og:image:width\" content=\"500\" \/>\n\t<meta property=\"og:image:height\" content=\"200\" \/>\n\t<meta property=\"og:image:type\" content=\"image\/jpeg\" \/>\n<meta name=\"author\" content=\"Airmatic\" \/>\n<meta name=\"twitter:card\" content=\"summary_large_image\" \/>\n<meta name=\"twitter:label1\" content=\"Escrit per\" \/>\n\t<meta name=\"twitter:data1\" content=\"Airmatic\" \/>\n\t<meta name=\"twitter:label2\" content=\"Temps estimat de lectura\" \/>\n\t<meta name=\"twitter:data2\" content=\"1 minut\" \/>\n<script type=\"application\/ld+json\" class=\"yoast-schema-graph\">{\"@context\":\"https:\\\/\\\/schema.org\",\"@graph\":[{\"@type\":\"Article\",\"@id\":\"https:\\\/\\\/www.airmatic.es\\\/ca\\\/formant-els-joves\\\/#article\",\"isPartOf\":{\"@id\":\"https:\\\/\\\/www.airmatic.es\\\/ca\\\/formant-els-joves\\\/\"},\"author\":{\"name\":\"Airmatic\",\"@id\":\"https:\\\/\\\/www.airmatic.es\\\/ca\\\/#\\\/schema\\\/person\\\/8fd963f6c991e0a7f7d108582485dfd3\"},\"headline\":\"Formant els joves\",\"datePublished\":\"2023-09-19T14:50:37+00:00\",\"dateModified\":\"2024-04-10T07:59:48+00:00\",\"mainEntityOfPage\":{\"@id\":\"https:\\\/\\\/www.airmatic.es\\\/ca\\\/formant-els-joves\\\/\"},\"wordCount\":135,\"commentCount\":0,\"publisher\":{\"@id\":\"https:\\\/\\\/www.airmatic.es\\\/ca\\\/#organization\"},\"image\":{\"@id\":\"https:\\\/\\\/www.airmatic.es\\\/ca\\\/formant-els-joves\\\/#primaryimage\"},\"thumbnailUrl\":\"https:\\\/\\\/www.airmatic.es\\\/wp-content\\\/uploads\\\/2023\\\/09\\\/formacion.jpg\",\"inLanguage\":\"ca\",\"potentialAction\":[{\"@type\":\"CommentAction\",\"name\":\"Comment\",\"target\":[\"https:\\\/\\\/www.airmatic.es\\\/ca\\\/formant-els-joves\\\/#respond\"]}]},{\"@type\":\"WebPage\",\"@id\":\"https:\\\/\\\/www.airmatic.es\\\/ca\\\/formant-els-joves\\\/\",\"url\":\"https:\\\/\\\/www.airmatic.es\\\/ca\\\/formant-els-joves\\\/\",\"name\":\"Formant els joves - Airmatic\",\"isPartOf\":{\"@id\":\"https:\\\/\\\/www.airmatic.es\\\/ca\\\/#website\"},\"primaryImageOfPage\":{\"@id\":\"https:\\\/\\\/www.airmatic.es\\\/ca\\\/formant-els-joves\\\/#primaryimage\"},\"image\":{\"@id\":\"https:\\\/\\\/www.airmatic.es\\\/ca\\\/formant-els-joves\\\/#primaryimage\"},\"thumbnailUrl\":\"https:\\\/\\\/www.airmatic.es\\\/wp-content\\\/uploads\\\/2023\\\/09\\\/formacion.jpg\",\"datePublished\":\"2023-09-19T14:50:37+00:00\",\"dateModified\":\"2024-04-10T07:59:48+00:00\",\"breadcrumb\":{\"@id\":\"https:\\\/\\\/www.airmatic.es\\\/ca\\\/formant-els-joves\\\/#breadcrumb\"},\"inLanguage\":\"ca\",\"potentialAction\":[{\"@type\":\"ReadAction\",\"target\":[\"https:\\\/\\\/www.airmatic.es\\\/ca\\\/formant-els-joves\\\/\"]}]},{\"@type\":\"ImageObject\",\"inLanguage\":\"ca\",\"@id\":\"https:\\\/\\\/www.airmatic.es\\\/ca\\\/formant-els-joves\\\/#primaryimage\",\"url\":\"https:\\\/\\\/www.airmatic.es\\\/wp-content\\\/uploads\\\/2023\\\/09\\\/formacion.jpg\",\"contentUrl\":\"https:\\\/\\\/www.airmatic.es\\\/wp-content\\\/uploads\\\/2023\\\/09\\\/formacion.jpg\",\"width\":500,\"height\":200,\"caption\":\"Imagen de la formaci\u00f3n de futuros carpinteros en la escola Industrial de Sabadell, patrocinada por Airmatic\"},{\"@type\":\"BreadcrumbList\",\"@id\":\"https:\\\/\\\/www.airmatic.es\\\/ca\\\/formant-els-joves\\\/#breadcrumb\",\"itemListElement\":[{\"@type\":\"ListItem\",\"position\":1,\"name\":\"Portada\",\"item\":\"https:\\\/\\\/www.airmatic.es\\\/ca\\\/airmatic-solucions-industrials-dalta-eficiencia\\\/\"},{\"@type\":\"ListItem\",\"position\":2,\"name\":\"Formant els joves\"}]},{\"@type\":\"WebSite\",\"@id\":\"https:\\\/\\\/www.airmatic.es\\\/ca\\\/#website\",\"url\":\"https:\\\/\\\/www.airmatic.es\\\/ca\\\/\",\"name\":\"Airmatic\",\"description\":\"Airmatic: Soluciones Industriales de alta eficiencia\",\"publisher\":{\"@id\":\"https:\\\/\\\/www.airmatic.es\\\/ca\\\/#organization\"},\"potentialAction\":[{\"@type\":\"SearchAction\",\"target\":{\"@type\":\"EntryPoint\",\"urlTemplate\":\"https:\\\/\\\/www.airmatic.es\\\/ca\\\/?s={search_term_string}\"},\"query-input\":{\"@type\":\"PropertyValueSpecification\",\"valueRequired\":true,\"valueName\":\"search_term_string\"}}],\"inLanguage\":\"ca\"},{\"@type\":\"Organization\",\"@id\":\"https:\\\/\\\/www.airmatic.es\\\/ca\\\/#organization\",\"name\":\"Airmatic\",\"url\":\"https:\\\/\\\/www.airmatic.es\\\/ca\\\/\",\"logo\":{\"@type\":\"ImageObject\",\"inLanguage\":\"ca\",\"@id\":\"https:\\\/\\\/www.airmatic.es\\\/ca\\\/#\\\/schema\\\/logo\\\/image\\\/\",\"url\":\"https:\\\/\\\/www.airmatic.es\\\/wp-content\\\/uploads\\\/2024\\\/05\\\/cropped-Logotip-Airmatic-scaled-1.webp\",\"contentUrl\":\"https:\\\/\\\/www.airmatic.es\\\/wp-content\\\/uploads\\\/2024\\\/05\\\/cropped-Logotip-Airmatic-scaled-1.webp\",\"width\":2559,\"height\":808,\"caption\":\"Airmatic\"},\"image\":{\"@id\":\"https:\\\/\\\/www.airmatic.es\\\/ca\\\/#\\\/schema\\\/logo\\\/image\\\/\"}},{\"@type\":\"Person\",\"@id\":\"https:\\\/\\\/www.airmatic.es\\\/ca\\\/#\\\/schema\\\/person\\\/8fd963f6c991e0a7f7d108582485dfd3\",\"name\":\"Airmatic\",\"image\":{\"@type\":\"ImageObject\",\"inLanguage\":\"ca\",\"@id\":\"https:\\\/\\\/secure.gravatar.com\\\/avatar\\\/314446466896ba2cd3050a3060ff308dbe353dcb40efbae4a7298f902a1dd522?s=96&d=mm&r=g\",\"url\":\"https:\\\/\\\/secure.gravatar.com\\\/avatar\\\/314446466896ba2cd3050a3060ff308dbe353dcb40efbae4a7298f902a1dd522?s=96&d=mm&r=g\",\"contentUrl\":\"https:\\\/\\\/secure.gravatar.com\\\/avatar\\\/314446466896ba2cd3050a3060ff308dbe353dcb40efbae4a7298f902a1dd522?s=96&d=mm&r=g\",\"caption\":\"Airmatic\"}}]}<\/script>\n<!-- \/ Yoast SEO plugin. -->","yoast_head_json":{"title":"Formant els joves - Airmatic","robots":{"index":"noindex","follow":"follow"},"og_locale":"ca_ES","og_type":"article","og_title":"Formant els joves - Airmatic","og_description":"Des de 1999 Airmatic ve apostant per la incorporaci\u00f3 de l&#8217;\u00faltima tecnologia a les escoles d&#8217;ensenyament t\u00e8cnic superior. Prova d&#8217;aix\u00f2, \u00e9s que en aquell mateix any Airmatic va ser l&#8217;encarregada de realitzar la primera formaci\u00f3 espec\u00edfica a CNC a tots els docents de les Escoles Industrials de la Generalitat de Catalunya. Actualment aquests docents s\u00f3n [&hellip;]","og_url":"https:\/\/www.airmatic.es\/ca\/formant-els-joves\/","og_site_name":"Airmatic","article_published_time":"2023-09-19T14:50:37+00:00","article_modified_time":"2024-04-10T07:59:48+00:00","og_image":[{"width":500,"height":200,"url":"https:\/\/www.airmatic.es\/wp-content\/uploads\/2023\/09\/formacion.jpg","type":"image\/jpeg"}],"author":"Airmatic","twitter_card":"summary_large_image","twitter_misc":{"Escrit per":"Airmatic","Temps estimat de lectura":"1 minut"},"schema":{"@context":"https:\/\/schema.org","@graph":[{"@type":"Article","@id":"https:\/\/www.airmatic.es\/ca\/formant-els-joves\/#article","isPartOf":{"@id":"https:\/\/www.airmatic.es\/ca\/formant-els-joves\/"},"author":{"name":"Airmatic","@id":"https:\/\/www.airmatic.es\/ca\/#\/schema\/person\/8fd963f6c991e0a7f7d108582485dfd3"},"headline":"Formant els joves","datePublished":"2023-09-19T14:50:37+00:00","dateModified":"2024-04-10T07:59:48+00:00","mainEntityOfPage":{"@id":"https:\/\/www.airmatic.es\/ca\/formant-els-joves\/"},"wordCount":135,"commentCount":0,"publisher":{"@id":"https:\/\/www.airmatic.es\/ca\/#organization"},"image":{"@id":"https:\/\/www.airmatic.es\/ca\/formant-els-joves\/#primaryimage"},"thumbnailUrl":"https:\/\/www.airmatic.es\/wp-content\/uploads\/2023\/09\/formacion.jpg","inLanguage":"ca","potentialAction":[{"@type":"CommentAction","name":"Comment","target":["https:\/\/www.airmatic.es\/ca\/formant-els-joves\/#respond"]}]},{"@type":"WebPage","@id":"https:\/\/www.airmatic.es\/ca\/formant-els-joves\/","url":"https:\/\/www.airmatic.es\/ca\/formant-els-joves\/","name":"Formant els joves - Airmatic","isPartOf":{"@id":"https:\/\/www.airmatic.es\/ca\/#website"},"primaryImageOfPage":{"@id":"https:\/\/www.airmatic.es\/ca\/formant-els-joves\/#primaryimage"},"image":{"@id":"https:\/\/www.airmatic.es\/ca\/formant-els-joves\/#primaryimage"},"thumbnailUrl":"https:\/\/www.airmatic.es\/wp-content\/uploads\/2023\/09\/formacion.jpg","datePublished":"2023-09-19T14:50:37+00:00","dateModified":"2024-04-10T07:59:48+00:00","breadcrumb":{"@id":"https:\/\/www.airmatic.es\/ca\/formant-els-joves\/#breadcrumb"},"inLanguage":"ca","potentialAction":[{"@type":"ReadAction","target":["https:\/\/www.airmatic.es\/ca\/formant-els-joves\/"]}]},{"@type":"ImageObject","inLanguage":"ca","@id":"https:\/\/www.airmatic.es\/ca\/formant-els-joves\/#primaryimage","url":"https:\/\/www.airmatic.es\/wp-content\/uploads\/2023\/09\/formacion.jpg","contentUrl":"https:\/\/www.airmatic.es\/wp-content\/uploads\/2023\/09\/formacion.jpg","width":500,"height":200,"caption":"Imagen de la formaci\u00f3n de futuros carpinteros en la escola Industrial de Sabadell, patrocinada por Airmatic"},{"@type":"BreadcrumbList","@id":"https:\/\/www.airmatic.es\/ca\/formant-els-joves\/#breadcrumb","itemListElement":[{"@type":"ListItem","position":1,"name":"Portada","item":"https:\/\/www.airmatic.es\/ca\/airmatic-solucions-industrials-dalta-eficiencia\/"},{"@type":"ListItem","position":2,"name":"Formant els joves"}]},{"@type":"WebSite","@id":"https:\/\/www.airmatic.es\/ca\/#website","url":"https:\/\/www.airmatic.es\/ca\/","name":"Airmatic","description":"Airmatic: Soluciones Industriales de alta eficiencia","publisher":{"@id":"https:\/\/www.airmatic.es\/ca\/#organization"},"potentialAction":[{"@type":"SearchAction","target":{"@type":"EntryPoint","urlTemplate":"https:\/\/www.airmatic.es\/ca\/?s={search_term_string}"},"query-input":{"@type":"PropertyValueSpecification","valueRequired":true,"valueName":"search_term_string"}}],"inLanguage":"ca"},{"@type":"Organization","@id":"https:\/\/www.airmatic.es\/ca\/#organization","name":"Airmatic","url":"https:\/\/www.airmatic.es\/ca\/","logo":{"@type":"ImageObject","inLanguage":"ca","@id":"https:\/\/www.airmatic.es\/ca\/#\/schema\/logo\/image\/","url":"https:\/\/www.airmatic.es\/wp-content\/uploads\/2024\/05\/cropped-Logotip-Airmatic-scaled-1.webp","contentUrl":"https:\/\/www.airmatic.es\/wp-content\/uploads\/2024\/05\/cropped-Logotip-Airmatic-scaled-1.webp","width":2559,"height":808,"caption":"Airmatic"},"image":{"@id":"https:\/\/www.airmatic.es\/ca\/#\/schema\/logo\/image\/"}},{"@type":"Person","@id":"https:\/\/www.airmatic.es\/ca\/#\/schema\/person\/8fd963f6c991e0a7f7d108582485dfd3","name":"Airmatic","image":{"@type":"ImageObject","inLanguage":"ca","@id":"https:\/\/secure.gravatar.com\/avatar\/314446466896ba2cd3050a3060ff308dbe353dcb40efbae4a7298f902a1dd522?s=96&d=mm&r=g","url":"https:\/\/secure.gravatar.com\/avatar\/314446466896ba2cd3050a3060ff308dbe353dcb40efbae4a7298f902a1dd522?s=96&d=mm&r=g","contentUrl":"https:\/\/secure.gravatar.com\/avatar\/314446466896ba2cd3050a3060ff308dbe353dcb40efbae4a7298f902a1dd522?s=96&d=mm&r=g","caption":"Airmatic"}}]}},"_links":{"self":[{"href":"https:\/\/www.airmatic.es\/ca\/wp-json\/wp\/v2\/posts\/4803","targetHints":{"allow":["GET"]}}],"collection":[{"href":"https:\/\/www.airmatic.es\/ca\/wp-json\/wp\/v2\/posts"}],"about":[{"href":"https:\/\/www.airmatic.es\/ca\/wp-json\/wp\/v2\/types\/post"}],"author":[{"embeddable":true,"href":"https:\/\/www.airmatic.es\/ca\/wp-json\/wp\/v2\/users\/4"}],"replies":[{"embeddable":true,"href":"https:\/\/www.airmatic.es\/ca\/wp-json\/wp\/v2\/comments?post=4803"}],"version-history":[{"count":0,"href":"https:\/\/www.airmatic.es\/ca\/wp-json\/wp\/v2\/posts\/4803\/revisions"}],"wp:featuredmedia":[{"embeddable":true,"href":"https:\/\/www.airmatic.es\/ca\/wp-json\/wp\/v2\/media\/4775"}],"wp:attachment":[{"href":"https:\/\/www.airmatic.es\/ca\/wp-json\/wp\/v2\/media?parent=4803"}],"wp:term":[{"taxonomy":"category","embeddable":true,"href":"https:\/\/www.airmatic.es\/ca\/wp-json\/wp\/v2\/categories?post=4803"},{"taxonomy":"post_tag","embeddable":true,"href":"https:\/\/www.airmatic.es\/ca\/wp-json\/wp\/v2\/tags?post=4803"}],"curies":[{"name":"wp","href":"https:\/\/api.w.org\/{rel}","templated":true}]}}