{"id":4931,"date":"2021-06-12T07:38:02","date_gmt":"2021-06-12T05:38:02","guid":{"rendered":"https:\/\/www.airmatic.es\/2021\/06\/12\/nou-elevador-articulat-per-a-projectes-a-mida\/"},"modified":"2024-05-06T11:13:39","modified_gmt":"2024-05-06T09:13:39","slug":"nou-elevador-articulat-per-a-projectes-a-mida","status":"publish","type":"post","link":"https:\/\/www.airmatic.es\/ca\/nou-elevador-articulat-per-a-projectes-a-mida\/","title":{"rendered":"Nou elevador articulat per a projectes a mida"},"content":{"rendered":"<p>Seguint la nostra filosofia de millora cont\u00ednua i d&#8217;adaptaci\u00f3 a les necessitats particulars de cada client, recentment hem incorporat a la nostra flota de vehicles un elevador articulat el\u00e8ctric per donar suport al nostre equip de t\u00e8cnics instal\u00b7ladors.<\/p>\n<p>Aquesta nova eina ens aportar\u00e0 una <strong>major autonomia i agilitat per fer front a qualsevol treball d&#8217;instal\u00b7laci\u00f3 de xarxes de canonades d&#8217;aire comprimit, gasos, buit o aigua freda de proc\u00e9s, de la manera m\u00e9s r\u00e0pida i segura possible a casa dels nostres clients.<\/strong><\/p>\n<p>Gr\u00e0cies a les seves prestacions en un xass\u00eds compacte, molt maniobrable i de f\u00e0cil maneig, <strong>podem donar servei a qualsevol tipus d&#8217;instal\u00b7laci\u00f3 salvant grans altures i obstacles.<\/strong> D&#8217;altra banda, la gran versatilitat del nou elevador d&#8217;Airmatic ens permet utilitzar-lo en <strong>treballs tant en interior com exterior.<\/strong><\/p>\n<p>Amb la incorporaci\u00f3 del nostre nou elevador millorem l&#8217;equipaci\u00f3 dels nostres t\u00e8cnics instal\u00b7ladors, ampliem les possibilitats de treball i aportem major valor afegit al nostre servei d&#8217;instal\u00b7lacions.<\/p>\n<p>&nbsp;<\/p>\n<p><img fetchpriority=\"high\" decoding=\"async\" class=\"alignnone size-full wp-image-5844\" src=\"https:\/\/www.airmatic.es\/wp-content\/uploads\/2021\/06\/elevador-airmatic-2.webp\" alt=\"\" width=\"600\" height=\"800\" srcset=\"https:\/\/www.airmatic.es\/wp-content\/uploads\/2021\/06\/elevador-airmatic-2.webp 600w, https:\/\/www.airmatic.es\/wp-content\/uploads\/2021\/06\/elevador-airmatic-2-225x300.webp 225w\" sizes=\"(max-width: 600px) 100vw, 600px\" \/><\/p>\n<p><img decoding=\"async\" class=\"alignnone size-full wp-image-5846\" src=\"https:\/\/www.airmatic.es\/wp-content\/uploads\/2021\/06\/elevador-airmatic-3.webp\" alt=\"Imatge on es veu el nou elevador de Airmatic sent utilitzat\" width=\"600\" height=\"800\" srcset=\"https:\/\/www.airmatic.es\/wp-content\/uploads\/2021\/06\/elevador-airmatic-3.webp 600w, https:\/\/www.airmatic.es\/wp-content\/uploads\/2021\/06\/elevador-airmatic-3-225x300.webp 225w\" sizes=\"(max-width: 600px) 100vw, 600px\" \/><\/p>\n<p><img decoding=\"async\" class=\"alignnone size-full wp-image-5848\" src=\"https:\/\/www.airmatic.es\/wp-content\/uploads\/2021\/06\/elevador-airmatic-4.webp\" alt=\"\" width=\"600\" height=\"800\" srcset=\"https:\/\/www.airmatic.es\/wp-content\/uploads\/2021\/06\/elevador-airmatic-4.webp 600w, https:\/\/www.airmatic.es\/wp-content\/uploads\/2021\/06\/elevador-airmatic-4-225x300.webp 225w\" sizes=\"(max-width: 600px) 100vw, 600px\" \/><\/p>\n<p>&nbsp;<\/p>\n","protected":false},"excerpt":{"rendered":"<p>Seguint la nostra filosofia de millora cont\u00ednua i d&#8217;adaptaci\u00f3 a les necessitats particulars de cada client, recentment hem incorporat a la nostra flota de vehicles un elevador articulat el\u00e8ctric per donar suport al nostre equip de t\u00e8cnics instal\u00b7ladors. Aquesta nova eina ens aportar\u00e0 una major autonomia i agilitat per fer front a qualsevol treball d&#8217;instal\u00b7laci\u00f3 [&hellip;]<\/p>\n","protected":false},"author":4,"featured_media":4604,"comment_status":"closed","ping_status":"closed","sticky":false,"template":"","format":"standard","meta":{"footnotes":""},"categories":[105],"tags":[],"class_list":["post-4931","post","type-post","status-publish","format-standard","has-post-thumbnail","hentry","category-general-ca"],"yoast_head":"<!-- This site is optimized with the Yoast SEO plugin v27.4 - https:\/\/yoast.com\/product\/yoast-seo-wordpress\/ -->\n<title>Nou elevador articulat per a projectes a mida - Airmatic<\/title>\n<meta name=\"robots\" content=\"noindex, follow\" \/>\n<meta property=\"og:locale\" content=\"ca_ES\" \/>\n<meta property=\"og:type\" content=\"article\" \/>\n<meta property=\"og:title\" content=\"Nou elevador articulat per a projectes a mida - Airmatic\" \/>\n<meta property=\"og:description\" content=\"Seguint la nostra filosofia de millora cont\u00ednua i d&#8217;adaptaci\u00f3 a les necessitats particulars de cada client, recentment hem incorporat a la nostra flota de vehicles un elevador articulat el\u00e8ctric per donar suport al nostre equip de t\u00e8cnics instal\u00b7ladors. Aquesta nova eina ens aportar\u00e0 una major autonomia i agilitat per fer front a qualsevol treball d&#8217;instal\u00b7laci\u00f3 [&hellip;]\" \/>\n<meta property=\"og:url\" content=\"https:\/\/www.airmatic.es\/ca\/nou-elevador-articulat-per-a-projectes-a-mida\/\" \/>\n<meta property=\"og:site_name\" content=\"Airmatic\" \/>\n<meta property=\"article:published_time\" content=\"2021-06-12T05:38:02+00:00\" \/>\n<meta property=\"article:modified_time\" content=\"2024-05-06T09:13:39+00:00\" \/>\n<meta property=\"og:image\" content=\"https:\/\/www.airmatic.es\/wp-content\/uploads\/2023\/05\/home010.jpg\" \/>\n\t<meta property=\"og:image:width\" content=\"1440\" \/>\n\t<meta property=\"og:image:height\" content=\"945\" \/>\n\t<meta property=\"og:image:type\" content=\"image\/jpeg\" \/>\n<meta name=\"author\" content=\"Airmatic\" \/>\n<meta name=\"twitter:card\" content=\"summary_large_image\" \/>\n<meta name=\"twitter:label1\" content=\"Escrit per\" \/>\n\t<meta name=\"twitter:data1\" content=\"Airmatic\" \/>\n\t<meta name=\"twitter:label2\" content=\"Temps estimat de lectura\" \/>\n\t<meta name=\"twitter:data2\" content=\"1 minut\" \/>\n<script type=\"application\/ld+json\" class=\"yoast-schema-graph\">{\"@context\":\"https:\\\/\\\/schema.org\",\"@graph\":[{\"@type\":\"Article\",\"@id\":\"https:\\\/\\\/www.airmatic.es\\\/ca\\\/nou-elevador-articulat-per-a-projectes-a-mida\\\/#article\",\"isPartOf\":{\"@id\":\"https:\\\/\\\/www.airmatic.es\\\/ca\\\/nou-elevador-articulat-per-a-projectes-a-mida\\\/\"},\"author\":{\"name\":\"Airmatic\",\"@id\":\"https:\\\/\\\/www.airmatic.es\\\/ca\\\/#\\\/schema\\\/person\\\/8fd963f6c991e0a7f7d108582485dfd3\"},\"headline\":\"Nou elevador articulat per a projectes a mida\",\"datePublished\":\"2021-06-12T05:38:02+00:00\",\"dateModified\":\"2024-05-06T09:13:39+00:00\",\"mainEntityOfPage\":{\"@id\":\"https:\\\/\\\/www.airmatic.es\\\/ca\\\/nou-elevador-articulat-per-a-projectes-a-mida\\\/\"},\"wordCount\":187,\"publisher\":{\"@id\":\"https:\\\/\\\/www.airmatic.es\\\/ca\\\/#organization\"},\"image\":{\"@id\":\"https:\\\/\\\/www.airmatic.es\\\/ca\\\/nou-elevador-articulat-per-a-projectes-a-mida\\\/#primaryimage\"},\"thumbnailUrl\":\"https:\\\/\\\/www.airmatic.es\\\/wp-content\\\/uploads\\\/2023\\\/05\\\/home010.jpg\",\"articleSection\":[\"General\"],\"inLanguage\":\"ca\"},{\"@type\":\"WebPage\",\"@id\":\"https:\\\/\\\/www.airmatic.es\\\/ca\\\/nou-elevador-articulat-per-a-projectes-a-mida\\\/\",\"url\":\"https:\\\/\\\/www.airmatic.es\\\/ca\\\/nou-elevador-articulat-per-a-projectes-a-mida\\\/\",\"name\":\"Nou elevador articulat per a projectes a mida - Airmatic\",\"isPartOf\":{\"@id\":\"https:\\\/\\\/www.airmatic.es\\\/ca\\\/#website\"},\"primaryImageOfPage\":{\"@id\":\"https:\\\/\\\/www.airmatic.es\\\/ca\\\/nou-elevador-articulat-per-a-projectes-a-mida\\\/#primaryimage\"},\"image\":{\"@id\":\"https:\\\/\\\/www.airmatic.es\\\/ca\\\/nou-elevador-articulat-per-a-projectes-a-mida\\\/#primaryimage\"},\"thumbnailUrl\":\"https:\\\/\\\/www.airmatic.es\\\/wp-content\\\/uploads\\\/2023\\\/05\\\/home010.jpg\",\"datePublished\":\"2021-06-12T05:38:02+00:00\",\"dateModified\":\"2024-05-06T09:13:39+00:00\",\"breadcrumb\":{\"@id\":\"https:\\\/\\\/www.airmatic.es\\\/ca\\\/nou-elevador-articulat-per-a-projectes-a-mida\\\/#breadcrumb\"},\"inLanguage\":\"ca\",\"potentialAction\":[{\"@type\":\"ReadAction\",\"target\":[\"https:\\\/\\\/www.airmatic.es\\\/ca\\\/nou-elevador-articulat-per-a-projectes-a-mida\\\/\"]}]},{\"@type\":\"ImageObject\",\"inLanguage\":\"ca\",\"@id\":\"https:\\\/\\\/www.airmatic.es\\\/ca\\\/nou-elevador-articulat-per-a-projectes-a-mida\\\/#primaryimage\",\"url\":\"https:\\\/\\\/www.airmatic.es\\\/wp-content\\\/uploads\\\/2023\\\/05\\\/home010.jpg\",\"contentUrl\":\"https:\\\/\\\/www.airmatic.es\\\/wp-content\\\/uploads\\\/2023\\\/05\\\/home010.jpg\",\"width\":1440,\"height\":945},{\"@type\":\"BreadcrumbList\",\"@id\":\"https:\\\/\\\/www.airmatic.es\\\/ca\\\/nou-elevador-articulat-per-a-projectes-a-mida\\\/#breadcrumb\",\"itemListElement\":[{\"@type\":\"ListItem\",\"position\":1,\"name\":\"Portada\",\"item\":\"https:\\\/\\\/www.airmatic.es\\\/ca\\\/airmatic-solucions-industrials-dalta-eficiencia\\\/\"},{\"@type\":\"ListItem\",\"position\":2,\"name\":\"Nou elevador articulat per a projectes a mida\"}]},{\"@type\":\"WebSite\",\"@id\":\"https:\\\/\\\/www.airmatic.es\\\/ca\\\/#website\",\"url\":\"https:\\\/\\\/www.airmatic.es\\\/ca\\\/\",\"name\":\"Airmatic\",\"description\":\"Airmatic: Soluciones Industriales de alta eficiencia\",\"publisher\":{\"@id\":\"https:\\\/\\\/www.airmatic.es\\\/ca\\\/#organization\"},\"potentialAction\":[{\"@type\":\"SearchAction\",\"target\":{\"@type\":\"EntryPoint\",\"urlTemplate\":\"https:\\\/\\\/www.airmatic.es\\\/ca\\\/?s={search_term_string}\"},\"query-input\":{\"@type\":\"PropertyValueSpecification\",\"valueRequired\":true,\"valueName\":\"search_term_string\"}}],\"inLanguage\":\"ca\"},{\"@type\":\"Organization\",\"@id\":\"https:\\\/\\\/www.airmatic.es\\\/ca\\\/#organization\",\"name\":\"Airmatic\",\"url\":\"https:\\\/\\\/www.airmatic.es\\\/ca\\\/\",\"logo\":{\"@type\":\"ImageObject\",\"inLanguage\":\"ca\",\"@id\":\"https:\\\/\\\/www.airmatic.es\\\/ca\\\/#\\\/schema\\\/logo\\\/image\\\/\",\"url\":\"https:\\\/\\\/www.airmatic.es\\\/wp-content\\\/uploads\\\/2024\\\/05\\\/cropped-Logotip-Airmatic-scaled-1.webp\",\"contentUrl\":\"https:\\\/\\\/www.airmatic.es\\\/wp-content\\\/uploads\\\/2024\\\/05\\\/cropped-Logotip-Airmatic-scaled-1.webp\",\"width\":2559,\"height\":808,\"caption\":\"Airmatic\"},\"image\":{\"@id\":\"https:\\\/\\\/www.airmatic.es\\\/ca\\\/#\\\/schema\\\/logo\\\/image\\\/\"}},{\"@type\":\"Person\",\"@id\":\"https:\\\/\\\/www.airmatic.es\\\/ca\\\/#\\\/schema\\\/person\\\/8fd963f6c991e0a7f7d108582485dfd3\",\"name\":\"Airmatic\",\"image\":{\"@type\":\"ImageObject\",\"inLanguage\":\"ca\",\"@id\":\"https:\\\/\\\/secure.gravatar.com\\\/avatar\\\/314446466896ba2cd3050a3060ff308dbe353dcb40efbae4a7298f902a1dd522?s=96&d=mm&r=g\",\"url\":\"https:\\\/\\\/secure.gravatar.com\\\/avatar\\\/314446466896ba2cd3050a3060ff308dbe353dcb40efbae4a7298f902a1dd522?s=96&d=mm&r=g\",\"contentUrl\":\"https:\\\/\\\/secure.gravatar.com\\\/avatar\\\/314446466896ba2cd3050a3060ff308dbe353dcb40efbae4a7298f902a1dd522?s=96&d=mm&r=g\",\"caption\":\"Airmatic\"}}]}<\/script>\n<!-- \/ Yoast SEO plugin. -->","yoast_head_json":{"title":"Nou elevador articulat per a projectes a mida - Airmatic","robots":{"index":"noindex","follow":"follow"},"og_locale":"ca_ES","og_type":"article","og_title":"Nou elevador articulat per a projectes a mida - Airmatic","og_description":"Seguint la nostra filosofia de millora cont\u00ednua i d&#8217;adaptaci\u00f3 a les necessitats particulars de cada client, recentment hem incorporat a la nostra flota de vehicles un elevador articulat el\u00e8ctric per donar suport al nostre equip de t\u00e8cnics instal\u00b7ladors. Aquesta nova eina ens aportar\u00e0 una major autonomia i agilitat per fer front a qualsevol treball d&#8217;instal\u00b7laci\u00f3 [&hellip;]","og_url":"https:\/\/www.airmatic.es\/ca\/nou-elevador-articulat-per-a-projectes-a-mida\/","og_site_name":"Airmatic","article_published_time":"2021-06-12T05:38:02+00:00","article_modified_time":"2024-05-06T09:13:39+00:00","og_image":[{"width":1440,"height":945,"url":"https:\/\/www.airmatic.es\/wp-content\/uploads\/2023\/05\/home010.jpg","type":"image\/jpeg"}],"author":"Airmatic","twitter_card":"summary_large_image","twitter_misc":{"Escrit per":"Airmatic","Temps estimat de lectura":"1 minut"},"schema":{"@context":"https:\/\/schema.org","@graph":[{"@type":"Article","@id":"https:\/\/www.airmatic.es\/ca\/nou-elevador-articulat-per-a-projectes-a-mida\/#article","isPartOf":{"@id":"https:\/\/www.airmatic.es\/ca\/nou-elevador-articulat-per-a-projectes-a-mida\/"},"author":{"name":"Airmatic","@id":"https:\/\/www.airmatic.es\/ca\/#\/schema\/person\/8fd963f6c991e0a7f7d108582485dfd3"},"headline":"Nou elevador articulat per a projectes a mida","datePublished":"2021-06-12T05:38:02+00:00","dateModified":"2024-05-06T09:13:39+00:00","mainEntityOfPage":{"@id":"https:\/\/www.airmatic.es\/ca\/nou-elevador-articulat-per-a-projectes-a-mida\/"},"wordCount":187,"publisher":{"@id":"https:\/\/www.airmatic.es\/ca\/#organization"},"image":{"@id":"https:\/\/www.airmatic.es\/ca\/nou-elevador-articulat-per-a-projectes-a-mida\/#primaryimage"},"thumbnailUrl":"https:\/\/www.airmatic.es\/wp-content\/uploads\/2023\/05\/home010.jpg","articleSection":["General"],"inLanguage":"ca"},{"@type":"WebPage","@id":"https:\/\/www.airmatic.es\/ca\/nou-elevador-articulat-per-a-projectes-a-mida\/","url":"https:\/\/www.airmatic.es\/ca\/nou-elevador-articulat-per-a-projectes-a-mida\/","name":"Nou elevador articulat per a projectes a mida - Airmatic","isPartOf":{"@id":"https:\/\/www.airmatic.es\/ca\/#website"},"primaryImageOfPage":{"@id":"https:\/\/www.airmatic.es\/ca\/nou-elevador-articulat-per-a-projectes-a-mida\/#primaryimage"},"image":{"@id":"https:\/\/www.airmatic.es\/ca\/nou-elevador-articulat-per-a-projectes-a-mida\/#primaryimage"},"thumbnailUrl":"https:\/\/www.airmatic.es\/wp-content\/uploads\/2023\/05\/home010.jpg","datePublished":"2021-06-12T05:38:02+00:00","dateModified":"2024-05-06T09:13:39+00:00","breadcrumb":{"@id":"https:\/\/www.airmatic.es\/ca\/nou-elevador-articulat-per-a-projectes-a-mida\/#breadcrumb"},"inLanguage":"ca","potentialAction":[{"@type":"ReadAction","target":["https:\/\/www.airmatic.es\/ca\/nou-elevador-articulat-per-a-projectes-a-mida\/"]}]},{"@type":"ImageObject","inLanguage":"ca","@id":"https:\/\/www.airmatic.es\/ca\/nou-elevador-articulat-per-a-projectes-a-mida\/#primaryimage","url":"https:\/\/www.airmatic.es\/wp-content\/uploads\/2023\/05\/home010.jpg","contentUrl":"https:\/\/www.airmatic.es\/wp-content\/uploads\/2023\/05\/home010.jpg","width":1440,"height":945},{"@type":"BreadcrumbList","@id":"https:\/\/www.airmatic.es\/ca\/nou-elevador-articulat-per-a-projectes-a-mida\/#breadcrumb","itemListElement":[{"@type":"ListItem","position":1,"name":"Portada","item":"https:\/\/www.airmatic.es\/ca\/airmatic-solucions-industrials-dalta-eficiencia\/"},{"@type":"ListItem","position":2,"name":"Nou elevador articulat per a projectes a mida"}]},{"@type":"WebSite","@id":"https:\/\/www.airmatic.es\/ca\/#website","url":"https:\/\/www.airmatic.es\/ca\/","name":"Airmatic","description":"Airmatic: Soluciones Industriales de alta eficiencia","publisher":{"@id":"https:\/\/www.airmatic.es\/ca\/#organization"},"potentialAction":[{"@type":"SearchAction","target":{"@type":"EntryPoint","urlTemplate":"https:\/\/www.airmatic.es\/ca\/?s={search_term_string}"},"query-input":{"@type":"PropertyValueSpecification","valueRequired":true,"valueName":"search_term_string"}}],"inLanguage":"ca"},{"@type":"Organization","@id":"https:\/\/www.airmatic.es\/ca\/#organization","name":"Airmatic","url":"https:\/\/www.airmatic.es\/ca\/","logo":{"@type":"ImageObject","inLanguage":"ca","@id":"https:\/\/www.airmatic.es\/ca\/#\/schema\/logo\/image\/","url":"https:\/\/www.airmatic.es\/wp-content\/uploads\/2024\/05\/cropped-Logotip-Airmatic-scaled-1.webp","contentUrl":"https:\/\/www.airmatic.es\/wp-content\/uploads\/2024\/05\/cropped-Logotip-Airmatic-scaled-1.webp","width":2559,"height":808,"caption":"Airmatic"},"image":{"@id":"https:\/\/www.airmatic.es\/ca\/#\/schema\/logo\/image\/"}},{"@type":"Person","@id":"https:\/\/www.airmatic.es\/ca\/#\/schema\/person\/8fd963f6c991e0a7f7d108582485dfd3","name":"Airmatic","image":{"@type":"ImageObject","inLanguage":"ca","@id":"https:\/\/secure.gravatar.com\/avatar\/314446466896ba2cd3050a3060ff308dbe353dcb40efbae4a7298f902a1dd522?s=96&d=mm&r=g","url":"https:\/\/secure.gravatar.com\/avatar\/314446466896ba2cd3050a3060ff308dbe353dcb40efbae4a7298f902a1dd522?s=96&d=mm&r=g","contentUrl":"https:\/\/secure.gravatar.com\/avatar\/314446466896ba2cd3050a3060ff308dbe353dcb40efbae4a7298f902a1dd522?s=96&d=mm&r=g","caption":"Airmatic"}}]}},"_links":{"self":[{"href":"https:\/\/www.airmatic.es\/ca\/wp-json\/wp\/v2\/posts\/4931","targetHints":{"allow":["GET"]}}],"collection":[{"href":"https:\/\/www.airmatic.es\/ca\/wp-json\/wp\/v2\/posts"}],"about":[{"href":"https:\/\/www.airmatic.es\/ca\/wp-json\/wp\/v2\/types\/post"}],"author":[{"embeddable":true,"href":"https:\/\/www.airmatic.es\/ca\/wp-json\/wp\/v2\/users\/4"}],"replies":[{"embeddable":true,"href":"https:\/\/www.airmatic.es\/ca\/wp-json\/wp\/v2\/comments?post=4931"}],"version-history":[{"count":0,"href":"https:\/\/www.airmatic.es\/ca\/wp-json\/wp\/v2\/posts\/4931\/revisions"}],"wp:featuredmedia":[{"embeddable":true,"href":"https:\/\/www.airmatic.es\/ca\/wp-json\/wp\/v2\/media\/4604"}],"wp:attachment":[{"href":"https:\/\/www.airmatic.es\/ca\/wp-json\/wp\/v2\/media?parent=4931"}],"wp:term":[{"taxonomy":"category","embeddable":true,"href":"https:\/\/www.airmatic.es\/ca\/wp-json\/wp\/v2\/categories?post=4931"},{"taxonomy":"post_tag","embeddable":true,"href":"https:\/\/www.airmatic.es\/ca\/wp-json\/wp\/v2\/tags?post=4931"}],"curies":[{"name":"wp","href":"https:\/\/api.w.org\/{rel}","templated":true}]}}