{"id":4987,"date":"2018-05-02T11:57:34","date_gmt":"2018-05-02T09:57:34","guid":{"rendered":"https:\/\/www.airmatic.es\/2018\/05\/02\/nou-camio-dentregues-i-serveis-logistics\/"},"modified":"2024-04-10T10:03:18","modified_gmt":"2024-04-10T08:03:18","slug":"nou-camio-dentregues-i-serveis-logistics","status":"publish","type":"post","link":"https:\/\/www.airmatic.es\/ca\/nou-camio-dentregues-i-serveis-logistics\/","title":{"rendered":"Nou cami\u00f3 d&#8217;entregues i serveis log\u00edstics"},"content":{"rendered":"<p>Airmatic ha incorporat en la seva flota de vehicles un nou cami\u00f3 per realitzar el lliurament i retirada d&#8217;equips. El nou cami\u00f3 destinat a la realitzaci\u00f3 de serveis log\u00edstics, est\u00e0 dotat d&#8217;una grua autopropulsada controlada remotament que vas agafar en la c\u00e0rrega i desc\u00e0rrega de les m\u00e0quines.<\/p>\n<table width=\"799\">\n<tbody>\n<tr>\n<td>D&#8217;aquesta forma Airmatic pot oferir una soluci\u00f3 completa als seus clients sense necessitat de rec\u00f3rrer a terceres parts.<\/td>\n<\/tr>\n<\/tbody>\n<\/table>\n<p>Addicionalment, l&#8217;operari de transport log\u00edstic est\u00e0 format i especialitzat en la realitzaci\u00f3 d&#8217;engegades de les m\u00e0quines, per la qual cosa aquestes poden quedar funcionant per als nostres clients immediatament despr\u00e9s del moment del lliurament.<\/p>\n<p>El cami\u00f3 compta amb una plataforma de c\u00e0rrega posterior suficientment espaiosa com perqu\u00e8 c\u00e0piguen totes les m\u00e0quines i perif\u00e8rics a instal\u00b7lar a les sales dels clients simult\u00e0niament, per la qual cosa es minimitzen els despla\u00e7aments log\u00edstics afavorint aix\u00ed al client final.<\/p>\n","protected":false},"excerpt":{"rendered":"<p>Airmatic ha incorporat en la seva flota de vehicles un nou cami\u00f3 per realitzar el lliurament i retirada d&#8217;equips. El nou cami\u00f3 destinat a la realitzaci\u00f3 de serveis log\u00edstics, est\u00e0 dotat d&#8217;una grua autopropulsada controlada remotament que vas agafar en la c\u00e0rrega i desc\u00e0rrega de les m\u00e0quines. D&#8217;aquesta forma Airmatic pot oferir una soluci\u00f3 completa [&hellip;]<\/p>\n","protected":false},"author":4,"featured_media":5840,"comment_status":"open","ping_status":"open","sticky":false,"template":"","format":"standard","meta":{"footnotes":""},"categories":[105],"tags":[],"class_list":["post-4987","post","type-post","status-publish","format-standard","has-post-thumbnail","hentry","category-general-ca"],"yoast_head":"<!-- This site is optimized with the Yoast SEO plugin v27.4 - https:\/\/yoast.com\/product\/yoast-seo-wordpress\/ -->\n<title>Nou cami\u00f3 d&#039;entregues i serveis log\u00edstics - Airmatic<\/title>\n<meta name=\"robots\" content=\"index, follow, max-snippet:-1, max-image-preview:large, max-video-preview:-1\" \/>\n<link rel=\"canonical\" href=\"https:\/\/www.airmatic.es\/ca\/nou-camio-dentregues-i-serveis-logistics\/\" \/>\n<meta property=\"og:locale\" content=\"ca_ES\" \/>\n<meta property=\"og:type\" content=\"article\" \/>\n<meta property=\"og:title\" content=\"Nou cami\u00f3 d&#039;entregues i serveis log\u00edstics - Airmatic\" \/>\n<meta property=\"og:description\" content=\"Airmatic ha incorporat en la seva flota de vehicles un nou cami\u00f3 per realitzar el lliurament i retirada d&#8217;equips. El nou cami\u00f3 destinat a la realitzaci\u00f3 de serveis log\u00edstics, est\u00e0 dotat d&#8217;una grua autopropulsada controlada remotament que vas agafar en la c\u00e0rrega i desc\u00e0rrega de les m\u00e0quines. D&#8217;aquesta forma Airmatic pot oferir una soluci\u00f3 completa [&hellip;]\" \/>\n<meta property=\"og:url\" content=\"https:\/\/www.airmatic.es\/ca\/nou-camio-dentregues-i-serveis-logistics\/\" \/>\n<meta property=\"og:site_name\" content=\"Airmatic\" \/>\n<meta property=\"article:published_time\" content=\"2018-05-02T09:57:34+00:00\" \/>\n<meta property=\"article:modified_time\" content=\"2024-04-10T08:03:18+00:00\" \/>\n<meta property=\"og:image\" content=\"https:\/\/www.airmatic.es\/wp-content\/uploads\/2018\/05\/airmatic-camion-nuevo.webp\" \/>\n\t<meta property=\"og:image:width\" content=\"800\" \/>\n\t<meta property=\"og:image:height\" content=\"428\" \/>\n\t<meta property=\"og:image:type\" content=\"image\/webp\" \/>\n<meta name=\"author\" content=\"Airmatic\" \/>\n<meta name=\"twitter:card\" content=\"summary_large_image\" \/>\n<meta name=\"twitter:label1\" content=\"Escrit per\" \/>\n\t<meta name=\"twitter:data1\" content=\"Airmatic\" \/>\n\t<meta name=\"twitter:label2\" content=\"Temps estimat de lectura\" \/>\n\t<meta name=\"twitter:data2\" content=\"1 minut\" \/>\n<script type=\"application\/ld+json\" class=\"yoast-schema-graph\">{\"@context\":\"https:\\\/\\\/schema.org\",\"@graph\":[{\"@type\":\"Article\",\"@id\":\"https:\\\/\\\/www.airmatic.es\\\/ca\\\/nou-camio-dentregues-i-serveis-logistics\\\/#article\",\"isPartOf\":{\"@id\":\"https:\\\/\\\/www.airmatic.es\\\/ca\\\/nou-camio-dentregues-i-serveis-logistics\\\/\"},\"author\":{\"name\":\"Airmatic\",\"@id\":\"https:\\\/\\\/www.airmatic.es\\\/ca\\\/#\\\/schema\\\/person\\\/8fd963f6c991e0a7f7d108582485dfd3\"},\"headline\":\"Nou cami\u00f3 d&#8217;entregues i serveis log\u00edstics\",\"datePublished\":\"2018-05-02T09:57:34+00:00\",\"dateModified\":\"2024-04-10T08:03:18+00:00\",\"mainEntityOfPage\":{\"@id\":\"https:\\\/\\\/www.airmatic.es\\\/ca\\\/nou-camio-dentregues-i-serveis-logistics\\\/\"},\"wordCount\":169,\"commentCount\":0,\"publisher\":{\"@id\":\"https:\\\/\\\/www.airmatic.es\\\/ca\\\/#organization\"},\"image\":{\"@id\":\"https:\\\/\\\/www.airmatic.es\\\/ca\\\/nou-camio-dentregues-i-serveis-logistics\\\/#primaryimage\"},\"thumbnailUrl\":\"https:\\\/\\\/www.airmatic.es\\\/wp-content\\\/uploads\\\/2018\\\/05\\\/airmatic-camion-nuevo.webp\",\"articleSection\":[\"General\"],\"inLanguage\":\"ca\",\"potentialAction\":[{\"@type\":\"CommentAction\",\"name\":\"Comment\",\"target\":[\"https:\\\/\\\/www.airmatic.es\\\/ca\\\/nou-camio-dentregues-i-serveis-logistics\\\/#respond\"]}]},{\"@type\":\"WebPage\",\"@id\":\"https:\\\/\\\/www.airmatic.es\\\/ca\\\/nou-camio-dentregues-i-serveis-logistics\\\/\",\"url\":\"https:\\\/\\\/www.airmatic.es\\\/ca\\\/nou-camio-dentregues-i-serveis-logistics\\\/\",\"name\":\"Nou cami\u00f3 d'entregues i serveis log\u00edstics - Airmatic\",\"isPartOf\":{\"@id\":\"https:\\\/\\\/www.airmatic.es\\\/ca\\\/#website\"},\"primaryImageOfPage\":{\"@id\":\"https:\\\/\\\/www.airmatic.es\\\/ca\\\/nou-camio-dentregues-i-serveis-logistics\\\/#primaryimage\"},\"image\":{\"@id\":\"https:\\\/\\\/www.airmatic.es\\\/ca\\\/nou-camio-dentregues-i-serveis-logistics\\\/#primaryimage\"},\"thumbnailUrl\":\"https:\\\/\\\/www.airmatic.es\\\/wp-content\\\/uploads\\\/2018\\\/05\\\/airmatic-camion-nuevo.webp\",\"datePublished\":\"2018-05-02T09:57:34+00:00\",\"dateModified\":\"2024-04-10T08:03:18+00:00\",\"breadcrumb\":{\"@id\":\"https:\\\/\\\/www.airmatic.es\\\/ca\\\/nou-camio-dentregues-i-serveis-logistics\\\/#breadcrumb\"},\"inLanguage\":\"ca\",\"potentialAction\":[{\"@type\":\"ReadAction\",\"target\":[\"https:\\\/\\\/www.airmatic.es\\\/ca\\\/nou-camio-dentregues-i-serveis-logistics\\\/\"]}]},{\"@type\":\"ImageObject\",\"inLanguage\":\"ca\",\"@id\":\"https:\\\/\\\/www.airmatic.es\\\/ca\\\/nou-camio-dentregues-i-serveis-logistics\\\/#primaryimage\",\"url\":\"https:\\\/\\\/www.airmatic.es\\\/wp-content\\\/uploads\\\/2018\\\/05\\\/airmatic-camion-nuevo.webp\",\"contentUrl\":\"https:\\\/\\\/www.airmatic.es\\\/wp-content\\\/uploads\\\/2018\\\/05\\\/airmatic-camion-nuevo.webp\",\"width\":800,\"height\":428,\"caption\":\"Fotografia del cami\u00f3n pluma de Airmatic\"},{\"@type\":\"BreadcrumbList\",\"@id\":\"https:\\\/\\\/www.airmatic.es\\\/ca\\\/nou-camio-dentregues-i-serveis-logistics\\\/#breadcrumb\",\"itemListElement\":[{\"@type\":\"ListItem\",\"position\":1,\"name\":\"Portada\",\"item\":\"https:\\\/\\\/www.airmatic.es\\\/ca\\\/airmatic-solucions-industrials-dalta-eficiencia\\\/\"},{\"@type\":\"ListItem\",\"position\":2,\"name\":\"Nou cami\u00f3 d&#8217;entregues i serveis log\u00edstics\"}]},{\"@type\":\"WebSite\",\"@id\":\"https:\\\/\\\/www.airmatic.es\\\/ca\\\/#website\",\"url\":\"https:\\\/\\\/www.airmatic.es\\\/ca\\\/\",\"name\":\"Airmatic\",\"description\":\"Airmatic: Soluciones Industriales de alta eficiencia\",\"publisher\":{\"@id\":\"https:\\\/\\\/www.airmatic.es\\\/ca\\\/#organization\"},\"potentialAction\":[{\"@type\":\"SearchAction\",\"target\":{\"@type\":\"EntryPoint\",\"urlTemplate\":\"https:\\\/\\\/www.airmatic.es\\\/ca\\\/?s={search_term_string}\"},\"query-input\":{\"@type\":\"PropertyValueSpecification\",\"valueRequired\":true,\"valueName\":\"search_term_string\"}}],\"inLanguage\":\"ca\"},{\"@type\":\"Organization\",\"@id\":\"https:\\\/\\\/www.airmatic.es\\\/ca\\\/#organization\",\"name\":\"Airmatic\",\"url\":\"https:\\\/\\\/www.airmatic.es\\\/ca\\\/\",\"logo\":{\"@type\":\"ImageObject\",\"inLanguage\":\"ca\",\"@id\":\"https:\\\/\\\/www.airmatic.es\\\/ca\\\/#\\\/schema\\\/logo\\\/image\\\/\",\"url\":\"https:\\\/\\\/www.airmatic.es\\\/wp-content\\\/uploads\\\/2024\\\/05\\\/cropped-Logotip-Airmatic-scaled-1.webp\",\"contentUrl\":\"https:\\\/\\\/www.airmatic.es\\\/wp-content\\\/uploads\\\/2024\\\/05\\\/cropped-Logotip-Airmatic-scaled-1.webp\",\"width\":2559,\"height\":808,\"caption\":\"Airmatic\"},\"image\":{\"@id\":\"https:\\\/\\\/www.airmatic.es\\\/ca\\\/#\\\/schema\\\/logo\\\/image\\\/\"}},{\"@type\":\"Person\",\"@id\":\"https:\\\/\\\/www.airmatic.es\\\/ca\\\/#\\\/schema\\\/person\\\/8fd963f6c991e0a7f7d108582485dfd3\",\"name\":\"Airmatic\",\"image\":{\"@type\":\"ImageObject\",\"inLanguage\":\"ca\",\"@id\":\"https:\\\/\\\/secure.gravatar.com\\\/avatar\\\/314446466896ba2cd3050a3060ff308dbe353dcb40efbae4a7298f902a1dd522?s=96&d=mm&r=g\",\"url\":\"https:\\\/\\\/secure.gravatar.com\\\/avatar\\\/314446466896ba2cd3050a3060ff308dbe353dcb40efbae4a7298f902a1dd522?s=96&d=mm&r=g\",\"contentUrl\":\"https:\\\/\\\/secure.gravatar.com\\\/avatar\\\/314446466896ba2cd3050a3060ff308dbe353dcb40efbae4a7298f902a1dd522?s=96&d=mm&r=g\",\"caption\":\"Airmatic\"}}]}<\/script>\n<!-- \/ Yoast SEO plugin. -->","yoast_head_json":{"title":"Nou cami\u00f3 d'entregues i serveis log\u00edstics - Airmatic","robots":{"index":"index","follow":"follow","max-snippet":"max-snippet:-1","max-image-preview":"max-image-preview:large","max-video-preview":"max-video-preview:-1"},"canonical":"https:\/\/www.airmatic.es\/ca\/nou-camio-dentregues-i-serveis-logistics\/","og_locale":"ca_ES","og_type":"article","og_title":"Nou cami\u00f3 d'entregues i serveis log\u00edstics - Airmatic","og_description":"Airmatic ha incorporat en la seva flota de vehicles un nou cami\u00f3 per realitzar el lliurament i retirada d&#8217;equips. El nou cami\u00f3 destinat a la realitzaci\u00f3 de serveis log\u00edstics, est\u00e0 dotat d&#8217;una grua autopropulsada controlada remotament que vas agafar en la c\u00e0rrega i desc\u00e0rrega de les m\u00e0quines. D&#8217;aquesta forma Airmatic pot oferir una soluci\u00f3 completa [&hellip;]","og_url":"https:\/\/www.airmatic.es\/ca\/nou-camio-dentregues-i-serveis-logistics\/","og_site_name":"Airmatic","article_published_time":"2018-05-02T09:57:34+00:00","article_modified_time":"2024-04-10T08:03:18+00:00","og_image":[{"width":800,"height":428,"url":"https:\/\/www.airmatic.es\/wp-content\/uploads\/2018\/05\/airmatic-camion-nuevo.webp","type":"image\/webp"}],"author":"Airmatic","twitter_card":"summary_large_image","twitter_misc":{"Escrit per":"Airmatic","Temps estimat de lectura":"1 minut"},"schema":{"@context":"https:\/\/schema.org","@graph":[{"@type":"Article","@id":"https:\/\/www.airmatic.es\/ca\/nou-camio-dentregues-i-serveis-logistics\/#article","isPartOf":{"@id":"https:\/\/www.airmatic.es\/ca\/nou-camio-dentregues-i-serveis-logistics\/"},"author":{"name":"Airmatic","@id":"https:\/\/www.airmatic.es\/ca\/#\/schema\/person\/8fd963f6c991e0a7f7d108582485dfd3"},"headline":"Nou cami\u00f3 d&#8217;entregues i serveis log\u00edstics","datePublished":"2018-05-02T09:57:34+00:00","dateModified":"2024-04-10T08:03:18+00:00","mainEntityOfPage":{"@id":"https:\/\/www.airmatic.es\/ca\/nou-camio-dentregues-i-serveis-logistics\/"},"wordCount":169,"commentCount":0,"publisher":{"@id":"https:\/\/www.airmatic.es\/ca\/#organization"},"image":{"@id":"https:\/\/www.airmatic.es\/ca\/nou-camio-dentregues-i-serveis-logistics\/#primaryimage"},"thumbnailUrl":"https:\/\/www.airmatic.es\/wp-content\/uploads\/2018\/05\/airmatic-camion-nuevo.webp","articleSection":["General"],"inLanguage":"ca","potentialAction":[{"@type":"CommentAction","name":"Comment","target":["https:\/\/www.airmatic.es\/ca\/nou-camio-dentregues-i-serveis-logistics\/#respond"]}]},{"@type":"WebPage","@id":"https:\/\/www.airmatic.es\/ca\/nou-camio-dentregues-i-serveis-logistics\/","url":"https:\/\/www.airmatic.es\/ca\/nou-camio-dentregues-i-serveis-logistics\/","name":"Nou cami\u00f3 d'entregues i serveis log\u00edstics - Airmatic","isPartOf":{"@id":"https:\/\/www.airmatic.es\/ca\/#website"},"primaryImageOfPage":{"@id":"https:\/\/www.airmatic.es\/ca\/nou-camio-dentregues-i-serveis-logistics\/#primaryimage"},"image":{"@id":"https:\/\/www.airmatic.es\/ca\/nou-camio-dentregues-i-serveis-logistics\/#primaryimage"},"thumbnailUrl":"https:\/\/www.airmatic.es\/wp-content\/uploads\/2018\/05\/airmatic-camion-nuevo.webp","datePublished":"2018-05-02T09:57:34+00:00","dateModified":"2024-04-10T08:03:18+00:00","breadcrumb":{"@id":"https:\/\/www.airmatic.es\/ca\/nou-camio-dentregues-i-serveis-logistics\/#breadcrumb"},"inLanguage":"ca","potentialAction":[{"@type":"ReadAction","target":["https:\/\/www.airmatic.es\/ca\/nou-camio-dentregues-i-serveis-logistics\/"]}]},{"@type":"ImageObject","inLanguage":"ca","@id":"https:\/\/www.airmatic.es\/ca\/nou-camio-dentregues-i-serveis-logistics\/#primaryimage","url":"https:\/\/www.airmatic.es\/wp-content\/uploads\/2018\/05\/airmatic-camion-nuevo.webp","contentUrl":"https:\/\/www.airmatic.es\/wp-content\/uploads\/2018\/05\/airmatic-camion-nuevo.webp","width":800,"height":428,"caption":"Fotografia del cami\u00f3n pluma de Airmatic"},{"@type":"BreadcrumbList","@id":"https:\/\/www.airmatic.es\/ca\/nou-camio-dentregues-i-serveis-logistics\/#breadcrumb","itemListElement":[{"@type":"ListItem","position":1,"name":"Portada","item":"https:\/\/www.airmatic.es\/ca\/airmatic-solucions-industrials-dalta-eficiencia\/"},{"@type":"ListItem","position":2,"name":"Nou cami\u00f3 d&#8217;entregues i serveis log\u00edstics"}]},{"@type":"WebSite","@id":"https:\/\/www.airmatic.es\/ca\/#website","url":"https:\/\/www.airmatic.es\/ca\/","name":"Airmatic","description":"Airmatic: Soluciones Industriales de alta eficiencia","publisher":{"@id":"https:\/\/www.airmatic.es\/ca\/#organization"},"potentialAction":[{"@type":"SearchAction","target":{"@type":"EntryPoint","urlTemplate":"https:\/\/www.airmatic.es\/ca\/?s={search_term_string}"},"query-input":{"@type":"PropertyValueSpecification","valueRequired":true,"valueName":"search_term_string"}}],"inLanguage":"ca"},{"@type":"Organization","@id":"https:\/\/www.airmatic.es\/ca\/#organization","name":"Airmatic","url":"https:\/\/www.airmatic.es\/ca\/","logo":{"@type":"ImageObject","inLanguage":"ca","@id":"https:\/\/www.airmatic.es\/ca\/#\/schema\/logo\/image\/","url":"https:\/\/www.airmatic.es\/wp-content\/uploads\/2024\/05\/cropped-Logotip-Airmatic-scaled-1.webp","contentUrl":"https:\/\/www.airmatic.es\/wp-content\/uploads\/2024\/05\/cropped-Logotip-Airmatic-scaled-1.webp","width":2559,"height":808,"caption":"Airmatic"},"image":{"@id":"https:\/\/www.airmatic.es\/ca\/#\/schema\/logo\/image\/"}},{"@type":"Person","@id":"https:\/\/www.airmatic.es\/ca\/#\/schema\/person\/8fd963f6c991e0a7f7d108582485dfd3","name":"Airmatic","image":{"@type":"ImageObject","inLanguage":"ca","@id":"https:\/\/secure.gravatar.com\/avatar\/314446466896ba2cd3050a3060ff308dbe353dcb40efbae4a7298f902a1dd522?s=96&d=mm&r=g","url":"https:\/\/secure.gravatar.com\/avatar\/314446466896ba2cd3050a3060ff308dbe353dcb40efbae4a7298f902a1dd522?s=96&d=mm&r=g","contentUrl":"https:\/\/secure.gravatar.com\/avatar\/314446466896ba2cd3050a3060ff308dbe353dcb40efbae4a7298f902a1dd522?s=96&d=mm&r=g","caption":"Airmatic"}}]}},"_links":{"self":[{"href":"https:\/\/www.airmatic.es\/ca\/wp-json\/wp\/v2\/posts\/4987","targetHints":{"allow":["GET"]}}],"collection":[{"href":"https:\/\/www.airmatic.es\/ca\/wp-json\/wp\/v2\/posts"}],"about":[{"href":"https:\/\/www.airmatic.es\/ca\/wp-json\/wp\/v2\/types\/post"}],"author":[{"embeddable":true,"href":"https:\/\/www.airmatic.es\/ca\/wp-json\/wp\/v2\/users\/4"}],"replies":[{"embeddable":true,"href":"https:\/\/www.airmatic.es\/ca\/wp-json\/wp\/v2\/comments?post=4987"}],"version-history":[{"count":0,"href":"https:\/\/www.airmatic.es\/ca\/wp-json\/wp\/v2\/posts\/4987\/revisions"}],"wp:featuredmedia":[{"embeddable":true,"href":"https:\/\/www.airmatic.es\/ca\/wp-json\/wp\/v2\/media\/5840"}],"wp:attachment":[{"href":"https:\/\/www.airmatic.es\/ca\/wp-json\/wp\/v2\/media?parent=4987"}],"wp:term":[{"taxonomy":"category","embeddable":true,"href":"https:\/\/www.airmatic.es\/ca\/wp-json\/wp\/v2\/categories?post=4987"},{"taxonomy":"post_tag","embeddable":true,"href":"https:\/\/www.airmatic.es\/ca\/wp-json\/wp\/v2\/tags?post=4987"}],"curies":[{"name":"wp","href":"https:\/\/api.w.org\/{rel}","templated":true}]}}