{"id":4991,"date":"2018-05-02T10:31:44","date_gmt":"2018-05-02T08:31:44","guid":{"rendered":"https:\/\/www.airmatic.es\/2018\/05\/02\/nova-unitat-mobil-dinstallacions\/"},"modified":"2024-04-29T10:16:57","modified_gmt":"2024-04-29T08:16:57","slug":"nova-unitat-mobil-dinstallacions","status":"publish","type":"post","link":"https:\/\/www.airmatic.es\/ca\/nova-unitat-mobil-dinstallacions\/","title":{"rendered":"Nova unitat m\u00f2bil d&#8217;instal\u00b7lacions"},"content":{"rendered":"<p>Amb la condici\u00f3 d&#8217;oferir el millor servei possible als seus clients en tots els \u00e0mbits, Airmatic disposa d&#8217;un nou vehicle taller d&#8217;Instal\u00b7lacions. Els vehicles taller d&#8217;Instal\u00b7lacions s&#8217;empra per a realitzar tot tipus de muntatges a casa dels clients ja que en el seu interior l&#8217;operari disposa de tot el material i eines necess\u00e0ries per a aix\u00f2, optimitzant els moviments log\u00edstics i reduint el cost final per al client.<\/p>\n<table width=\"764\">\n<tbody>\n<tr>\n<td>El vehicle taller est\u00e0 dotat d&#8217;un nou sistema de railes que li permet transportar considerables quantitats de tub en la seva part superior i sense disminuir el seu espai operatiu. En el seu interior, l&#8217;operari compta amb un banc m\u00f2bil de treball el qual \u00e9s emprat per a les petites tasques rutin\u00e0ries en el muntatge d&#8217;instal\u00b7lacions.<\/td>\n<\/tr>\n<\/tbody>\n<\/table>\n<p>Finalment, disposa de suficient espai interior com per a transportar un petit carret\u00f3 elevador autopropulsada, la qual cosa agilitza i simplifica el proc\u00e9s de muntatge de les instal\u00b7lacions comptant amb les millors eines de seguretat disponibles.<\/p>\n","protected":false},"excerpt":{"rendered":"<p>Amb la condici\u00f3 d&#8217;oferir el millor servei possible als seus clients en tots els \u00e0mbits, Airmatic disposa d&#8217;un nou vehicle taller d&#8217;Instal\u00b7lacions. Els vehicles taller d&#8217;Instal\u00b7lacions s&#8217;empra per a realitzar tot tipus de muntatges a casa dels clients ja que en el seu interior l&#8217;operari disposa de tot el material i eines necess\u00e0ries per a [&hellip;]<\/p>\n","protected":false},"author":4,"featured_media":5815,"comment_status":"open","ping_status":"open","sticky":false,"template":"","format":"standard","meta":{"footnotes":""},"categories":[105],"tags":[],"class_list":["post-4991","post","type-post","status-publish","format-standard","has-post-thumbnail","hentry","category-general-ca"],"yoast_head":"<!-- This site is optimized with the Yoast SEO plugin v27.4 - https:\/\/yoast.com\/product\/yoast-seo-wordpress\/ -->\n<title>Nova unitat m\u00f2bil d&#039;instal\u00b7lacions - Airmatic<\/title>\n<meta name=\"description\" content=\"Els vehicles taller d&#039; Airmatic s\u00f3n furgonetes altament preparades per a poder fer qualsevol tipus d&#039;instal\u00b7laci\u00f3 i reparaci\u00f3.\" \/>\n<meta name=\"robots\" content=\"index, follow, max-snippet:-1, max-image-preview:large, max-video-preview:-1\" \/>\n<link rel=\"canonical\" href=\"https:\/\/www.airmatic.es\/ca\/nova-unitat-mobil-dinstallacions\/\" \/>\n<meta property=\"og:locale\" content=\"ca_ES\" \/>\n<meta property=\"og:type\" content=\"article\" \/>\n<meta property=\"og:title\" content=\"Nova unitat m\u00f2bil d&#039;instal\u00b7lacions - Airmatic\" \/>\n<meta property=\"og:description\" content=\"Els vehicles taller d&#039; Airmatic s\u00f3n furgonetes altament preparades per a poder fer qualsevol tipus d&#039;instal\u00b7laci\u00f3 i reparaci\u00f3.\" \/>\n<meta property=\"og:url\" content=\"https:\/\/www.airmatic.es\/ca\/nova-unitat-mobil-dinstallacions\/\" \/>\n<meta property=\"og:site_name\" content=\"Airmatic\" \/>\n<meta property=\"article:published_time\" content=\"2018-05-02T08:31:44+00:00\" \/>\n<meta property=\"article:modified_time\" content=\"2024-04-29T08:16:57+00:00\" \/>\n<meta property=\"og:image\" content=\"https:\/\/www.airmatic.es\/wp-content\/uploads\/2018\/05\/unidad-instalaciones.webp\" \/>\n\t<meta property=\"og:image:width\" content=\"800\" \/>\n\t<meta property=\"og:image:height\" content=\"383\" \/>\n\t<meta property=\"og:image:type\" content=\"image\/webp\" \/>\n<meta name=\"author\" content=\"Airmatic\" \/>\n<meta name=\"twitter:card\" content=\"summary_large_image\" \/>\n<meta name=\"twitter:label1\" content=\"Escrit per\" \/>\n\t<meta name=\"twitter:data1\" content=\"Airmatic\" \/>\n\t<meta name=\"twitter:label2\" content=\"Temps estimat de lectura\" \/>\n\t<meta name=\"twitter:data2\" content=\"1 minut\" \/>\n<script type=\"application\/ld+json\" class=\"yoast-schema-graph\">{\"@context\":\"https:\\\/\\\/schema.org\",\"@graph\":[{\"@type\":\"Article\",\"@id\":\"https:\\\/\\\/www.airmatic.es\\\/ca\\\/nova-unitat-mobil-dinstallacions\\\/#article\",\"isPartOf\":{\"@id\":\"https:\\\/\\\/www.airmatic.es\\\/ca\\\/nova-unitat-mobil-dinstallacions\\\/\"},\"author\":{\"name\":\"Airmatic\",\"@id\":\"https:\\\/\\\/www.airmatic.es\\\/ca\\\/#\\\/schema\\\/person\\\/8fd963f6c991e0a7f7d108582485dfd3\"},\"headline\":\"Nova unitat m\u00f2bil d&#8217;instal\u00b7lacions\",\"datePublished\":\"2018-05-02T08:31:44+00:00\",\"dateModified\":\"2024-04-29T08:16:57+00:00\",\"mainEntityOfPage\":{\"@id\":\"https:\\\/\\\/www.airmatic.es\\\/ca\\\/nova-unitat-mobil-dinstallacions\\\/\"},\"wordCount\":185,\"commentCount\":0,\"publisher\":{\"@id\":\"https:\\\/\\\/www.airmatic.es\\\/ca\\\/#organization\"},\"image\":{\"@id\":\"https:\\\/\\\/www.airmatic.es\\\/ca\\\/nova-unitat-mobil-dinstallacions\\\/#primaryimage\"},\"thumbnailUrl\":\"https:\\\/\\\/www.airmatic.es\\\/wp-content\\\/uploads\\\/2018\\\/05\\\/unidad-instalaciones.webp\",\"articleSection\":[\"General\"],\"inLanguage\":\"ca\",\"potentialAction\":[{\"@type\":\"CommentAction\",\"name\":\"Comment\",\"target\":[\"https:\\\/\\\/www.airmatic.es\\\/ca\\\/nova-unitat-mobil-dinstallacions\\\/#respond\"]}]},{\"@type\":\"WebPage\",\"@id\":\"https:\\\/\\\/www.airmatic.es\\\/ca\\\/nova-unitat-mobil-dinstallacions\\\/\",\"url\":\"https:\\\/\\\/www.airmatic.es\\\/ca\\\/nova-unitat-mobil-dinstallacions\\\/\",\"name\":\"Nova unitat m\u00f2bil d'instal\u00b7lacions - Airmatic\",\"isPartOf\":{\"@id\":\"https:\\\/\\\/www.airmatic.es\\\/ca\\\/#website\"},\"primaryImageOfPage\":{\"@id\":\"https:\\\/\\\/www.airmatic.es\\\/ca\\\/nova-unitat-mobil-dinstallacions\\\/#primaryimage\"},\"image\":{\"@id\":\"https:\\\/\\\/www.airmatic.es\\\/ca\\\/nova-unitat-mobil-dinstallacions\\\/#primaryimage\"},\"thumbnailUrl\":\"https:\\\/\\\/www.airmatic.es\\\/wp-content\\\/uploads\\\/2018\\\/05\\\/unidad-instalaciones.webp\",\"datePublished\":\"2018-05-02T08:31:44+00:00\",\"dateModified\":\"2024-04-29T08:16:57+00:00\",\"description\":\"Els vehicles taller d' Airmatic s\u00f3n furgonetes altament preparades per a poder fer qualsevol tipus d'instal\u00b7laci\u00f3 i reparaci\u00f3.\",\"breadcrumb\":{\"@id\":\"https:\\\/\\\/www.airmatic.es\\\/ca\\\/nova-unitat-mobil-dinstallacions\\\/#breadcrumb\"},\"inLanguage\":\"ca\",\"potentialAction\":[{\"@type\":\"ReadAction\",\"target\":[\"https:\\\/\\\/www.airmatic.es\\\/ca\\\/nova-unitat-mobil-dinstallacions\\\/\"]}]},{\"@type\":\"ImageObject\",\"inLanguage\":\"ca\",\"@id\":\"https:\\\/\\\/www.airmatic.es\\\/ca\\\/nova-unitat-mobil-dinstallacions\\\/#primaryimage\",\"url\":\"https:\\\/\\\/www.airmatic.es\\\/wp-content\\\/uploads\\\/2018\\\/05\\\/unidad-instalaciones.webp\",\"contentUrl\":\"https:\\\/\\\/www.airmatic.es\\\/wp-content\\\/uploads\\\/2018\\\/05\\\/unidad-instalaciones.webp\",\"width\":800,\"height\":383,\"caption\":\"Fotografia de la nueva furgoneta de intalaciones de Airmatic\"},{\"@type\":\"BreadcrumbList\",\"@id\":\"https:\\\/\\\/www.airmatic.es\\\/ca\\\/nova-unitat-mobil-dinstallacions\\\/#breadcrumb\",\"itemListElement\":[{\"@type\":\"ListItem\",\"position\":1,\"name\":\"Portada\",\"item\":\"https:\\\/\\\/www.airmatic.es\\\/ca\\\/airmatic-solucions-industrials-dalta-eficiencia\\\/\"},{\"@type\":\"ListItem\",\"position\":2,\"name\":\"Nova unitat m\u00f2bil d&#8217;instal\u00b7lacions\"}]},{\"@type\":\"WebSite\",\"@id\":\"https:\\\/\\\/www.airmatic.es\\\/ca\\\/#website\",\"url\":\"https:\\\/\\\/www.airmatic.es\\\/ca\\\/\",\"name\":\"Airmatic\",\"description\":\"Airmatic: Soluciones Industriales de alta eficiencia\",\"publisher\":{\"@id\":\"https:\\\/\\\/www.airmatic.es\\\/ca\\\/#organization\"},\"potentialAction\":[{\"@type\":\"SearchAction\",\"target\":{\"@type\":\"EntryPoint\",\"urlTemplate\":\"https:\\\/\\\/www.airmatic.es\\\/ca\\\/?s={search_term_string}\"},\"query-input\":{\"@type\":\"PropertyValueSpecification\",\"valueRequired\":true,\"valueName\":\"search_term_string\"}}],\"inLanguage\":\"ca\"},{\"@type\":\"Organization\",\"@id\":\"https:\\\/\\\/www.airmatic.es\\\/ca\\\/#organization\",\"name\":\"Airmatic\",\"url\":\"https:\\\/\\\/www.airmatic.es\\\/ca\\\/\",\"logo\":{\"@type\":\"ImageObject\",\"inLanguage\":\"ca\",\"@id\":\"https:\\\/\\\/www.airmatic.es\\\/ca\\\/#\\\/schema\\\/logo\\\/image\\\/\",\"url\":\"https:\\\/\\\/www.airmatic.es\\\/wp-content\\\/uploads\\\/2024\\\/05\\\/cropped-Logotip-Airmatic-scaled-1.webp\",\"contentUrl\":\"https:\\\/\\\/www.airmatic.es\\\/wp-content\\\/uploads\\\/2024\\\/05\\\/cropped-Logotip-Airmatic-scaled-1.webp\",\"width\":2559,\"height\":808,\"caption\":\"Airmatic\"},\"image\":{\"@id\":\"https:\\\/\\\/www.airmatic.es\\\/ca\\\/#\\\/schema\\\/logo\\\/image\\\/\"}},{\"@type\":\"Person\",\"@id\":\"https:\\\/\\\/www.airmatic.es\\\/ca\\\/#\\\/schema\\\/person\\\/8fd963f6c991e0a7f7d108582485dfd3\",\"name\":\"Airmatic\",\"image\":{\"@type\":\"ImageObject\",\"inLanguage\":\"ca\",\"@id\":\"https:\\\/\\\/secure.gravatar.com\\\/avatar\\\/314446466896ba2cd3050a3060ff308dbe353dcb40efbae4a7298f902a1dd522?s=96&d=mm&r=g\",\"url\":\"https:\\\/\\\/secure.gravatar.com\\\/avatar\\\/314446466896ba2cd3050a3060ff308dbe353dcb40efbae4a7298f902a1dd522?s=96&d=mm&r=g\",\"contentUrl\":\"https:\\\/\\\/secure.gravatar.com\\\/avatar\\\/314446466896ba2cd3050a3060ff308dbe353dcb40efbae4a7298f902a1dd522?s=96&d=mm&r=g\",\"caption\":\"Airmatic\"}}]}<\/script>\n<!-- \/ Yoast SEO plugin. -->","yoast_head_json":{"title":"Nova unitat m\u00f2bil d'instal\u00b7lacions - Airmatic","description":"Els vehicles taller d' Airmatic s\u00f3n furgonetes altament preparades per a poder fer qualsevol tipus d'instal\u00b7laci\u00f3 i reparaci\u00f3.","robots":{"index":"index","follow":"follow","max-snippet":"max-snippet:-1","max-image-preview":"max-image-preview:large","max-video-preview":"max-video-preview:-1"},"canonical":"https:\/\/www.airmatic.es\/ca\/nova-unitat-mobil-dinstallacions\/","og_locale":"ca_ES","og_type":"article","og_title":"Nova unitat m\u00f2bil d'instal\u00b7lacions - Airmatic","og_description":"Els vehicles taller d' Airmatic s\u00f3n furgonetes altament preparades per a poder fer qualsevol tipus d'instal\u00b7laci\u00f3 i reparaci\u00f3.","og_url":"https:\/\/www.airmatic.es\/ca\/nova-unitat-mobil-dinstallacions\/","og_site_name":"Airmatic","article_published_time":"2018-05-02T08:31:44+00:00","article_modified_time":"2024-04-29T08:16:57+00:00","og_image":[{"width":800,"height":383,"url":"https:\/\/www.airmatic.es\/wp-content\/uploads\/2018\/05\/unidad-instalaciones.webp","type":"image\/webp"}],"author":"Airmatic","twitter_card":"summary_large_image","twitter_misc":{"Escrit per":"Airmatic","Temps estimat de lectura":"1 minut"},"schema":{"@context":"https:\/\/schema.org","@graph":[{"@type":"Article","@id":"https:\/\/www.airmatic.es\/ca\/nova-unitat-mobil-dinstallacions\/#article","isPartOf":{"@id":"https:\/\/www.airmatic.es\/ca\/nova-unitat-mobil-dinstallacions\/"},"author":{"name":"Airmatic","@id":"https:\/\/www.airmatic.es\/ca\/#\/schema\/person\/8fd963f6c991e0a7f7d108582485dfd3"},"headline":"Nova unitat m\u00f2bil d&#8217;instal\u00b7lacions","datePublished":"2018-05-02T08:31:44+00:00","dateModified":"2024-04-29T08:16:57+00:00","mainEntityOfPage":{"@id":"https:\/\/www.airmatic.es\/ca\/nova-unitat-mobil-dinstallacions\/"},"wordCount":185,"commentCount":0,"publisher":{"@id":"https:\/\/www.airmatic.es\/ca\/#organization"},"image":{"@id":"https:\/\/www.airmatic.es\/ca\/nova-unitat-mobil-dinstallacions\/#primaryimage"},"thumbnailUrl":"https:\/\/www.airmatic.es\/wp-content\/uploads\/2018\/05\/unidad-instalaciones.webp","articleSection":["General"],"inLanguage":"ca","potentialAction":[{"@type":"CommentAction","name":"Comment","target":["https:\/\/www.airmatic.es\/ca\/nova-unitat-mobil-dinstallacions\/#respond"]}]},{"@type":"WebPage","@id":"https:\/\/www.airmatic.es\/ca\/nova-unitat-mobil-dinstallacions\/","url":"https:\/\/www.airmatic.es\/ca\/nova-unitat-mobil-dinstallacions\/","name":"Nova unitat m\u00f2bil d'instal\u00b7lacions - Airmatic","isPartOf":{"@id":"https:\/\/www.airmatic.es\/ca\/#website"},"primaryImageOfPage":{"@id":"https:\/\/www.airmatic.es\/ca\/nova-unitat-mobil-dinstallacions\/#primaryimage"},"image":{"@id":"https:\/\/www.airmatic.es\/ca\/nova-unitat-mobil-dinstallacions\/#primaryimage"},"thumbnailUrl":"https:\/\/www.airmatic.es\/wp-content\/uploads\/2018\/05\/unidad-instalaciones.webp","datePublished":"2018-05-02T08:31:44+00:00","dateModified":"2024-04-29T08:16:57+00:00","description":"Els vehicles taller d' Airmatic s\u00f3n furgonetes altament preparades per a poder fer qualsevol tipus d'instal\u00b7laci\u00f3 i reparaci\u00f3.","breadcrumb":{"@id":"https:\/\/www.airmatic.es\/ca\/nova-unitat-mobil-dinstallacions\/#breadcrumb"},"inLanguage":"ca","potentialAction":[{"@type":"ReadAction","target":["https:\/\/www.airmatic.es\/ca\/nova-unitat-mobil-dinstallacions\/"]}]},{"@type":"ImageObject","inLanguage":"ca","@id":"https:\/\/www.airmatic.es\/ca\/nova-unitat-mobil-dinstallacions\/#primaryimage","url":"https:\/\/www.airmatic.es\/wp-content\/uploads\/2018\/05\/unidad-instalaciones.webp","contentUrl":"https:\/\/www.airmatic.es\/wp-content\/uploads\/2018\/05\/unidad-instalaciones.webp","width":800,"height":383,"caption":"Fotografia de la nueva furgoneta de intalaciones de Airmatic"},{"@type":"BreadcrumbList","@id":"https:\/\/www.airmatic.es\/ca\/nova-unitat-mobil-dinstallacions\/#breadcrumb","itemListElement":[{"@type":"ListItem","position":1,"name":"Portada","item":"https:\/\/www.airmatic.es\/ca\/airmatic-solucions-industrials-dalta-eficiencia\/"},{"@type":"ListItem","position":2,"name":"Nova unitat m\u00f2bil d&#8217;instal\u00b7lacions"}]},{"@type":"WebSite","@id":"https:\/\/www.airmatic.es\/ca\/#website","url":"https:\/\/www.airmatic.es\/ca\/","name":"Airmatic","description":"Airmatic: Soluciones Industriales de alta eficiencia","publisher":{"@id":"https:\/\/www.airmatic.es\/ca\/#organization"},"potentialAction":[{"@type":"SearchAction","target":{"@type":"EntryPoint","urlTemplate":"https:\/\/www.airmatic.es\/ca\/?s={search_term_string}"},"query-input":{"@type":"PropertyValueSpecification","valueRequired":true,"valueName":"search_term_string"}}],"inLanguage":"ca"},{"@type":"Organization","@id":"https:\/\/www.airmatic.es\/ca\/#organization","name":"Airmatic","url":"https:\/\/www.airmatic.es\/ca\/","logo":{"@type":"ImageObject","inLanguage":"ca","@id":"https:\/\/www.airmatic.es\/ca\/#\/schema\/logo\/image\/","url":"https:\/\/www.airmatic.es\/wp-content\/uploads\/2024\/05\/cropped-Logotip-Airmatic-scaled-1.webp","contentUrl":"https:\/\/www.airmatic.es\/wp-content\/uploads\/2024\/05\/cropped-Logotip-Airmatic-scaled-1.webp","width":2559,"height":808,"caption":"Airmatic"},"image":{"@id":"https:\/\/www.airmatic.es\/ca\/#\/schema\/logo\/image\/"}},{"@type":"Person","@id":"https:\/\/www.airmatic.es\/ca\/#\/schema\/person\/8fd963f6c991e0a7f7d108582485dfd3","name":"Airmatic","image":{"@type":"ImageObject","inLanguage":"ca","@id":"https:\/\/secure.gravatar.com\/avatar\/314446466896ba2cd3050a3060ff308dbe353dcb40efbae4a7298f902a1dd522?s=96&d=mm&r=g","url":"https:\/\/secure.gravatar.com\/avatar\/314446466896ba2cd3050a3060ff308dbe353dcb40efbae4a7298f902a1dd522?s=96&d=mm&r=g","contentUrl":"https:\/\/secure.gravatar.com\/avatar\/314446466896ba2cd3050a3060ff308dbe353dcb40efbae4a7298f902a1dd522?s=96&d=mm&r=g","caption":"Airmatic"}}]}},"_links":{"self":[{"href":"https:\/\/www.airmatic.es\/ca\/wp-json\/wp\/v2\/posts\/4991","targetHints":{"allow":["GET"]}}],"collection":[{"href":"https:\/\/www.airmatic.es\/ca\/wp-json\/wp\/v2\/posts"}],"about":[{"href":"https:\/\/www.airmatic.es\/ca\/wp-json\/wp\/v2\/types\/post"}],"author":[{"embeddable":true,"href":"https:\/\/www.airmatic.es\/ca\/wp-json\/wp\/v2\/users\/4"}],"replies":[{"embeddable":true,"href":"https:\/\/www.airmatic.es\/ca\/wp-json\/wp\/v2\/comments?post=4991"}],"version-history":[{"count":0,"href":"https:\/\/www.airmatic.es\/ca\/wp-json\/wp\/v2\/posts\/4991\/revisions"}],"wp:featuredmedia":[{"embeddable":true,"href":"https:\/\/www.airmatic.es\/ca\/wp-json\/wp\/v2\/media\/5815"}],"wp:attachment":[{"href":"https:\/\/www.airmatic.es\/ca\/wp-json\/wp\/v2\/media?parent=4991"}],"wp:term":[{"taxonomy":"category","embeddable":true,"href":"https:\/\/www.airmatic.es\/ca\/wp-json\/wp\/v2\/categories?post=4991"},{"taxonomy":"post_tag","embeddable":true,"href":"https:\/\/www.airmatic.es\/ca\/wp-json\/wp\/v2\/tags?post=4991"}],"curies":[{"name":"wp","href":"https:\/\/api.w.org\/{rel}","templated":true}]}}