{"id":6036,"date":"2024-04-08T12:46:05","date_gmt":"2024-04-08T10:46:05","guid":{"rendered":"https:\/\/www.airmatic.es\/2024\/04\/08\/segon-camio-grua-nova-aposta-logistica-en-airmatic\/"},"modified":"2024-04-08T12:46:05","modified_gmt":"2024-04-08T10:46:05","slug":"segon-camio-grua-nova-aposta-logistica-en-airmatic","status":"publish","type":"post","link":"https:\/\/www.airmatic.es\/ca\/segon-camio-grua-nova-aposta-logistica-en-airmatic\/","title":{"rendered":"Segon cami\u00f3 grua: Nova aposta log\u00edstica en Airmatic"},"content":{"rendered":"<p><em>En Airmatic apostem per la log\u00edstica pr\u00f2pia amb un segon cami\u00f3 amb grua hidr\u00e0ulica que facilitar\u00e0 el transport i els lliuraments de tots els nostres equips.<\/em><\/p>\n<p>Consolidada com a l\u00edder en Solucions industrials d&#8217;Aire Comprimit, Buit, Refrigeraci\u00f3 Industrial i Generaci\u00f3 de Gasos, i en Maquin\u00e0ria i Programari per a la fusta, en Airmatic destaquem, en m\u00e9s de 45 anys de traject\u00f2ria, per proporcionar una experi\u00e8ncia de servei completa.<\/p>\n<p>Entre el nostre inigualable servei log\u00edstic propi, en Airmatic comptem amb una flota de m\u00e9s de 15 furgonetes t\u00e8cniques, una unitat m\u00f2bil d&#8217;assist\u00e8ncia i dos vehicles taller amb el seu especial elevador i transportador de tubs. A m\u00e9s, tamb\u00e9 disposem de dos camions grua, sent, el segon, la nova adquisici\u00f3 i una gran aposta de la companyia.<\/p>\n<p>El nou cami\u00f3 grua, de dimensions m\u00e9s redu\u00efdes, aquesta igualment equipat amb una avan\u00e7ada grua autopropulsada que es maneja de manera remota. Tamb\u00e9 disposem d&#8217;una plataforma de c\u00e0rrega posterior especialment dissenyada per a albergar una \u00e0mplia varietat de m\u00e0quines i accessoris. La seva alta capacitat permet transportar tot el necessari per a les instal\u00b7lacions en un sol viatge. La qual cosa permet optimitzar els processos log\u00edstics i beneficiant directament als clients en reduir temps i la complexitat de les operacions in situ.<\/p>\n<p>A m\u00e9s, comptem amb personal espec\u00edfic, altament qualificat log\u00edstica i especialitzat en la instal\u00b7laci\u00f3 i posada en marxa de les m\u00e0quines lliurades. Aix\u00f2 assegura que els equips no sols siguin transportats de manera segura, sin\u00f3 que tamb\u00e9 estiguin llestos per a operar tan aviat com arribin al seu dest\u00ed. Disposar de tots els recursos necessaris per a no dependre de tercers ha estat sempre una de les obsessions i un dels valors afegits de la companyia. L&#8217;objectiu \u00e9s evitar contratemps i no dependre de serveis externs per a poder assegurar solucions log\u00edstiques m\u00e9s eficients i efectives per als clients.<\/p>\n","protected":false},"excerpt":{"rendered":"<p>En Airmatic apostem per la log\u00edstica pr\u00f2pia amb un segon cami\u00f3 amb grua hidr\u00e0ulica que facilitar\u00e0 el transport i els lliuraments de tots els nostres equips. Consolidada com a l\u00edder en Solucions industrials d&#8217;Aire Comprimit, Buit, Refrigeraci\u00f3 Industrial i Generaci\u00f3 de Gasos, i en Maquin\u00e0ria i Programari per a la fusta, en Airmatic destaquem, en [&hellip;]<\/p>\n","protected":false},"author":4,"featured_media":5732,"comment_status":"closed","ping_status":"closed","sticky":false,"template":"","format":"standard","meta":{"footnotes":""},"categories":[105],"tags":[],"class_list":["post-6036","post","type-post","status-publish","format-standard","has-post-thumbnail","hentry","category-general-ca"],"yoast_head":"<!-- This site is optimized with the Yoast SEO plugin v27.4 - https:\/\/yoast.com\/product\/yoast-seo-wordpress\/ -->\n<title>Segon cami\u00f3 grua: Nova aposta log\u00edstica en Airmatic - Airmatic<\/title>\n<meta name=\"description\" content=\"Airmatic aposta per la log\u00edstica pr\u00f2pia amb un segon cami\u00f3 amb grua hidr\u00e0ulica per a facilitar el transport i els lliuraments dels seus equips.\" \/>\n<meta name=\"robots\" content=\"index, follow, max-snippet:-1, max-image-preview:large, max-video-preview:-1\" \/>\n<link rel=\"canonical\" href=\"https:\/\/www.airmatic.es\/ca\/segon-camio-grua-nova-aposta-logistica-en-airmatic\/\" \/>\n<meta property=\"og:locale\" content=\"ca_ES\" \/>\n<meta property=\"og:type\" content=\"article\" \/>\n<meta property=\"og:title\" content=\"Segon cami\u00f3 grua: Nova aposta log\u00edstica en Airmatic - Airmatic\" \/>\n<meta property=\"og:description\" content=\"Airmatic aposta per la log\u00edstica pr\u00f2pia amb un segon cami\u00f3 amb grua hidr\u00e0ulica per a facilitar el transport i els lliuraments dels seus equips.\" \/>\n<meta property=\"og:url\" content=\"https:\/\/www.airmatic.es\/ca\/segon-camio-grua-nova-aposta-logistica-en-airmatic\/\" \/>\n<meta property=\"og:site_name\" content=\"Airmatic\" \/>\n<meta property=\"article:published_time\" content=\"2024-04-08T10:46:05+00:00\" \/>\n<meta property=\"og:image\" content=\"https:\/\/www.airmatic.es\/wp-content\/uploads\/2024\/04\/IMG_0877.webp\" \/>\n\t<meta property=\"og:image:width\" content=\"800\" \/>\n\t<meta property=\"og:image:height\" content=\"469\" \/>\n\t<meta property=\"og:image:type\" content=\"image\/webp\" \/>\n<meta name=\"author\" content=\"Airmatic\" \/>\n<meta name=\"twitter:card\" content=\"summary_large_image\" \/>\n<meta name=\"twitter:label1\" content=\"Escrit per\" \/>\n\t<meta name=\"twitter:data1\" content=\"Airmatic\" \/>\n\t<meta name=\"twitter:label2\" content=\"Temps estimat de lectura\" \/>\n\t<meta name=\"twitter:data2\" content=\"2 minuts\" \/>\n<script type=\"application\/ld+json\" class=\"yoast-schema-graph\">{\"@context\":\"https:\\\/\\\/schema.org\",\"@graph\":[{\"@type\":\"Article\",\"@id\":\"https:\\\/\\\/www.airmatic.es\\\/ca\\\/segon-camio-grua-nova-aposta-logistica-en-airmatic\\\/#article\",\"isPartOf\":{\"@id\":\"https:\\\/\\\/www.airmatic.es\\\/ca\\\/segon-camio-grua-nova-aposta-logistica-en-airmatic\\\/\"},\"author\":{\"name\":\"Airmatic\",\"@id\":\"https:\\\/\\\/www.airmatic.es\\\/ca\\\/#\\\/schema\\\/person\\\/8fd963f6c991e0a7f7d108582485dfd3\"},\"headline\":\"Segon cami\u00f3 grua: Nova aposta log\u00edstica en Airmatic\",\"datePublished\":\"2024-04-08T10:46:05+00:00\",\"mainEntityOfPage\":{\"@id\":\"https:\\\/\\\/www.airmatic.es\\\/ca\\\/segon-camio-grua-nova-aposta-logistica-en-airmatic\\\/\"},\"wordCount\":345,\"publisher\":{\"@id\":\"https:\\\/\\\/www.airmatic.es\\\/ca\\\/#organization\"},\"image\":{\"@id\":\"https:\\\/\\\/www.airmatic.es\\\/ca\\\/segon-camio-grua-nova-aposta-logistica-en-airmatic\\\/#primaryimage\"},\"thumbnailUrl\":\"https:\\\/\\\/www.airmatic.es\\\/wp-content\\\/uploads\\\/2024\\\/04\\\/IMG_0877.webp\",\"articleSection\":[\"General\"],\"inLanguage\":\"ca\"},{\"@type\":\"WebPage\",\"@id\":\"https:\\\/\\\/www.airmatic.es\\\/ca\\\/segon-camio-grua-nova-aposta-logistica-en-airmatic\\\/\",\"url\":\"https:\\\/\\\/www.airmatic.es\\\/ca\\\/segon-camio-grua-nova-aposta-logistica-en-airmatic\\\/\",\"name\":\"Segon cami\u00f3 grua: Nova aposta log\u00edstica en Airmatic - Airmatic\",\"isPartOf\":{\"@id\":\"https:\\\/\\\/www.airmatic.es\\\/ca\\\/#website\"},\"primaryImageOfPage\":{\"@id\":\"https:\\\/\\\/www.airmatic.es\\\/ca\\\/segon-camio-grua-nova-aposta-logistica-en-airmatic\\\/#primaryimage\"},\"image\":{\"@id\":\"https:\\\/\\\/www.airmatic.es\\\/ca\\\/segon-camio-grua-nova-aposta-logistica-en-airmatic\\\/#primaryimage\"},\"thumbnailUrl\":\"https:\\\/\\\/www.airmatic.es\\\/wp-content\\\/uploads\\\/2024\\\/04\\\/IMG_0877.webp\",\"datePublished\":\"2024-04-08T10:46:05+00:00\",\"description\":\"Airmatic aposta per la log\u00edstica pr\u00f2pia amb un segon cami\u00f3 amb grua hidr\u00e0ulica per a facilitar el transport i els lliuraments dels seus equips.\",\"breadcrumb\":{\"@id\":\"https:\\\/\\\/www.airmatic.es\\\/ca\\\/segon-camio-grua-nova-aposta-logistica-en-airmatic\\\/#breadcrumb\"},\"inLanguage\":\"ca\",\"potentialAction\":[{\"@type\":\"ReadAction\",\"target\":[\"https:\\\/\\\/www.airmatic.es\\\/ca\\\/segon-camio-grua-nova-aposta-logistica-en-airmatic\\\/\"]}]},{\"@type\":\"ImageObject\",\"inLanguage\":\"ca\",\"@id\":\"https:\\\/\\\/www.airmatic.es\\\/ca\\\/segon-camio-grua-nova-aposta-logistica-en-airmatic\\\/#primaryimage\",\"url\":\"https:\\\/\\\/www.airmatic.es\\\/wp-content\\\/uploads\\\/2024\\\/04\\\/IMG_0877.webp\",\"contentUrl\":\"https:\\\/\\\/www.airmatic.es\\\/wp-content\\\/uploads\\\/2024\\\/04\\\/IMG_0877.webp\",\"width\":800,\"height\":469,\"caption\":\"fachada de Airmatic con los dos camiones con gr\u00faa.\"},{\"@type\":\"BreadcrumbList\",\"@id\":\"https:\\\/\\\/www.airmatic.es\\\/ca\\\/segon-camio-grua-nova-aposta-logistica-en-airmatic\\\/#breadcrumb\",\"itemListElement\":[{\"@type\":\"ListItem\",\"position\":1,\"name\":\"Portada\",\"item\":\"https:\\\/\\\/www.airmatic.es\\\/ca\\\/airmatic-solucions-industrials-dalta-eficiencia\\\/\"},{\"@type\":\"ListItem\",\"position\":2,\"name\":\"Segon cami\u00f3 grua: Nova aposta log\u00edstica en Airmatic\"}]},{\"@type\":\"WebSite\",\"@id\":\"https:\\\/\\\/www.airmatic.es\\\/ca\\\/#website\",\"url\":\"https:\\\/\\\/www.airmatic.es\\\/ca\\\/\",\"name\":\"Airmatic\",\"description\":\"Airmatic: Soluciones Industriales de alta eficiencia\",\"publisher\":{\"@id\":\"https:\\\/\\\/www.airmatic.es\\\/ca\\\/#organization\"},\"potentialAction\":[{\"@type\":\"SearchAction\",\"target\":{\"@type\":\"EntryPoint\",\"urlTemplate\":\"https:\\\/\\\/www.airmatic.es\\\/ca\\\/?s={search_term_string}\"},\"query-input\":{\"@type\":\"PropertyValueSpecification\",\"valueRequired\":true,\"valueName\":\"search_term_string\"}}],\"inLanguage\":\"ca\"},{\"@type\":\"Organization\",\"@id\":\"https:\\\/\\\/www.airmatic.es\\\/ca\\\/#organization\",\"name\":\"Airmatic\",\"url\":\"https:\\\/\\\/www.airmatic.es\\\/ca\\\/\",\"logo\":{\"@type\":\"ImageObject\",\"inLanguage\":\"ca\",\"@id\":\"https:\\\/\\\/www.airmatic.es\\\/ca\\\/#\\\/schema\\\/logo\\\/image\\\/\",\"url\":\"https:\\\/\\\/www.airmatic.es\\\/wp-content\\\/uploads\\\/2024\\\/05\\\/cropped-Logotip-Airmatic-scaled-1.webp\",\"contentUrl\":\"https:\\\/\\\/www.airmatic.es\\\/wp-content\\\/uploads\\\/2024\\\/05\\\/cropped-Logotip-Airmatic-scaled-1.webp\",\"width\":2559,\"height\":808,\"caption\":\"Airmatic\"},\"image\":{\"@id\":\"https:\\\/\\\/www.airmatic.es\\\/ca\\\/#\\\/schema\\\/logo\\\/image\\\/\"}},{\"@type\":\"Person\",\"@id\":\"https:\\\/\\\/www.airmatic.es\\\/ca\\\/#\\\/schema\\\/person\\\/8fd963f6c991e0a7f7d108582485dfd3\",\"name\":\"Airmatic\",\"image\":{\"@type\":\"ImageObject\",\"inLanguage\":\"ca\",\"@id\":\"https:\\\/\\\/secure.gravatar.com\\\/avatar\\\/314446466896ba2cd3050a3060ff308dbe353dcb40efbae4a7298f902a1dd522?s=96&d=mm&r=g\",\"url\":\"https:\\\/\\\/secure.gravatar.com\\\/avatar\\\/314446466896ba2cd3050a3060ff308dbe353dcb40efbae4a7298f902a1dd522?s=96&d=mm&r=g\",\"contentUrl\":\"https:\\\/\\\/secure.gravatar.com\\\/avatar\\\/314446466896ba2cd3050a3060ff308dbe353dcb40efbae4a7298f902a1dd522?s=96&d=mm&r=g\",\"caption\":\"Airmatic\"}}]}<\/script>\n<!-- \/ Yoast SEO plugin. -->","yoast_head_json":{"title":"Segon cami\u00f3 grua: Nova aposta log\u00edstica en Airmatic - Airmatic","description":"Airmatic aposta per la log\u00edstica pr\u00f2pia amb un segon cami\u00f3 amb grua hidr\u00e0ulica per a facilitar el transport i els lliuraments dels seus equips.","robots":{"index":"index","follow":"follow","max-snippet":"max-snippet:-1","max-image-preview":"max-image-preview:large","max-video-preview":"max-video-preview:-1"},"canonical":"https:\/\/www.airmatic.es\/ca\/segon-camio-grua-nova-aposta-logistica-en-airmatic\/","og_locale":"ca_ES","og_type":"article","og_title":"Segon cami\u00f3 grua: Nova aposta log\u00edstica en Airmatic - Airmatic","og_description":"Airmatic aposta per la log\u00edstica pr\u00f2pia amb un segon cami\u00f3 amb grua hidr\u00e0ulica per a facilitar el transport i els lliuraments dels seus equips.","og_url":"https:\/\/www.airmatic.es\/ca\/segon-camio-grua-nova-aposta-logistica-en-airmatic\/","og_site_name":"Airmatic","article_published_time":"2024-04-08T10:46:05+00:00","og_image":[{"width":800,"height":469,"url":"https:\/\/www.airmatic.es\/wp-content\/uploads\/2024\/04\/IMG_0877.webp","type":"image\/webp"}],"author":"Airmatic","twitter_card":"summary_large_image","twitter_misc":{"Escrit per":"Airmatic","Temps estimat de lectura":"2 minuts"},"schema":{"@context":"https:\/\/schema.org","@graph":[{"@type":"Article","@id":"https:\/\/www.airmatic.es\/ca\/segon-camio-grua-nova-aposta-logistica-en-airmatic\/#article","isPartOf":{"@id":"https:\/\/www.airmatic.es\/ca\/segon-camio-grua-nova-aposta-logistica-en-airmatic\/"},"author":{"name":"Airmatic","@id":"https:\/\/www.airmatic.es\/ca\/#\/schema\/person\/8fd963f6c991e0a7f7d108582485dfd3"},"headline":"Segon cami\u00f3 grua: Nova aposta log\u00edstica en Airmatic","datePublished":"2024-04-08T10:46:05+00:00","mainEntityOfPage":{"@id":"https:\/\/www.airmatic.es\/ca\/segon-camio-grua-nova-aposta-logistica-en-airmatic\/"},"wordCount":345,"publisher":{"@id":"https:\/\/www.airmatic.es\/ca\/#organization"},"image":{"@id":"https:\/\/www.airmatic.es\/ca\/segon-camio-grua-nova-aposta-logistica-en-airmatic\/#primaryimage"},"thumbnailUrl":"https:\/\/www.airmatic.es\/wp-content\/uploads\/2024\/04\/IMG_0877.webp","articleSection":["General"],"inLanguage":"ca"},{"@type":"WebPage","@id":"https:\/\/www.airmatic.es\/ca\/segon-camio-grua-nova-aposta-logistica-en-airmatic\/","url":"https:\/\/www.airmatic.es\/ca\/segon-camio-grua-nova-aposta-logistica-en-airmatic\/","name":"Segon cami\u00f3 grua: Nova aposta log\u00edstica en Airmatic - Airmatic","isPartOf":{"@id":"https:\/\/www.airmatic.es\/ca\/#website"},"primaryImageOfPage":{"@id":"https:\/\/www.airmatic.es\/ca\/segon-camio-grua-nova-aposta-logistica-en-airmatic\/#primaryimage"},"image":{"@id":"https:\/\/www.airmatic.es\/ca\/segon-camio-grua-nova-aposta-logistica-en-airmatic\/#primaryimage"},"thumbnailUrl":"https:\/\/www.airmatic.es\/wp-content\/uploads\/2024\/04\/IMG_0877.webp","datePublished":"2024-04-08T10:46:05+00:00","description":"Airmatic aposta per la log\u00edstica pr\u00f2pia amb un segon cami\u00f3 amb grua hidr\u00e0ulica per a facilitar el transport i els lliuraments dels seus equips.","breadcrumb":{"@id":"https:\/\/www.airmatic.es\/ca\/segon-camio-grua-nova-aposta-logistica-en-airmatic\/#breadcrumb"},"inLanguage":"ca","potentialAction":[{"@type":"ReadAction","target":["https:\/\/www.airmatic.es\/ca\/segon-camio-grua-nova-aposta-logistica-en-airmatic\/"]}]},{"@type":"ImageObject","inLanguage":"ca","@id":"https:\/\/www.airmatic.es\/ca\/segon-camio-grua-nova-aposta-logistica-en-airmatic\/#primaryimage","url":"https:\/\/www.airmatic.es\/wp-content\/uploads\/2024\/04\/IMG_0877.webp","contentUrl":"https:\/\/www.airmatic.es\/wp-content\/uploads\/2024\/04\/IMG_0877.webp","width":800,"height":469,"caption":"fachada de Airmatic con los dos camiones con gr\u00faa."},{"@type":"BreadcrumbList","@id":"https:\/\/www.airmatic.es\/ca\/segon-camio-grua-nova-aposta-logistica-en-airmatic\/#breadcrumb","itemListElement":[{"@type":"ListItem","position":1,"name":"Portada","item":"https:\/\/www.airmatic.es\/ca\/airmatic-solucions-industrials-dalta-eficiencia\/"},{"@type":"ListItem","position":2,"name":"Segon cami\u00f3 grua: Nova aposta log\u00edstica en Airmatic"}]},{"@type":"WebSite","@id":"https:\/\/www.airmatic.es\/ca\/#website","url":"https:\/\/www.airmatic.es\/ca\/","name":"Airmatic","description":"Airmatic: Soluciones Industriales de alta eficiencia","publisher":{"@id":"https:\/\/www.airmatic.es\/ca\/#organization"},"potentialAction":[{"@type":"SearchAction","target":{"@type":"EntryPoint","urlTemplate":"https:\/\/www.airmatic.es\/ca\/?s={search_term_string}"},"query-input":{"@type":"PropertyValueSpecification","valueRequired":true,"valueName":"search_term_string"}}],"inLanguage":"ca"},{"@type":"Organization","@id":"https:\/\/www.airmatic.es\/ca\/#organization","name":"Airmatic","url":"https:\/\/www.airmatic.es\/ca\/","logo":{"@type":"ImageObject","inLanguage":"ca","@id":"https:\/\/www.airmatic.es\/ca\/#\/schema\/logo\/image\/","url":"https:\/\/www.airmatic.es\/wp-content\/uploads\/2024\/05\/cropped-Logotip-Airmatic-scaled-1.webp","contentUrl":"https:\/\/www.airmatic.es\/wp-content\/uploads\/2024\/05\/cropped-Logotip-Airmatic-scaled-1.webp","width":2559,"height":808,"caption":"Airmatic"},"image":{"@id":"https:\/\/www.airmatic.es\/ca\/#\/schema\/logo\/image\/"}},{"@type":"Person","@id":"https:\/\/www.airmatic.es\/ca\/#\/schema\/person\/8fd963f6c991e0a7f7d108582485dfd3","name":"Airmatic","image":{"@type":"ImageObject","inLanguage":"ca","@id":"https:\/\/secure.gravatar.com\/avatar\/314446466896ba2cd3050a3060ff308dbe353dcb40efbae4a7298f902a1dd522?s=96&d=mm&r=g","url":"https:\/\/secure.gravatar.com\/avatar\/314446466896ba2cd3050a3060ff308dbe353dcb40efbae4a7298f902a1dd522?s=96&d=mm&r=g","contentUrl":"https:\/\/secure.gravatar.com\/avatar\/314446466896ba2cd3050a3060ff308dbe353dcb40efbae4a7298f902a1dd522?s=96&d=mm&r=g","caption":"Airmatic"}}]}},"_links":{"self":[{"href":"https:\/\/www.airmatic.es\/ca\/wp-json\/wp\/v2\/posts\/6036","targetHints":{"allow":["GET"]}}],"collection":[{"href":"https:\/\/www.airmatic.es\/ca\/wp-json\/wp\/v2\/posts"}],"about":[{"href":"https:\/\/www.airmatic.es\/ca\/wp-json\/wp\/v2\/types\/post"}],"author":[{"embeddable":true,"href":"https:\/\/www.airmatic.es\/ca\/wp-json\/wp\/v2\/users\/4"}],"replies":[{"embeddable":true,"href":"https:\/\/www.airmatic.es\/ca\/wp-json\/wp\/v2\/comments?post=6036"}],"version-history":[{"count":0,"href":"https:\/\/www.airmatic.es\/ca\/wp-json\/wp\/v2\/posts\/6036\/revisions"}],"wp:featuredmedia":[{"embeddable":true,"href":"https:\/\/www.airmatic.es\/ca\/wp-json\/wp\/v2\/media\/5732"}],"wp:attachment":[{"href":"https:\/\/www.airmatic.es\/ca\/wp-json\/wp\/v2\/media?parent=6036"}],"wp:term":[{"taxonomy":"category","embeddable":true,"href":"https:\/\/www.airmatic.es\/ca\/wp-json\/wp\/v2\/categories?post=6036"},{"taxonomy":"post_tag","embeddable":true,"href":"https:\/\/www.airmatic.es\/ca\/wp-json\/wp\/v2\/tags?post=6036"}],"curies":[{"name":"wp","href":"https:\/\/api.w.org\/{rel}","templated":true}]}}