{"id":6748,"date":"2025-07-11T14:01:29","date_gmt":"2025-07-11T12:01:29","guid":{"rendered":"https:\/\/www.airmatic.es\/airmatic-celebra-48-anys-de-trajectoria\/"},"modified":"2025-07-11T14:01:29","modified_gmt":"2025-07-11T12:01:29","slug":"airmatic-celebra-48-anys-de-trajectoria","status":"publish","type":"post","link":"https:\/\/www.airmatic.es\/ca\/airmatic-celebra-48-anys-de-trajectoria\/","title":{"rendered":"Airmatic celebra 48 anys de traject\u00f2ria"},"content":{"rendered":"<p><span style=\"font-weight: 400;\">El passat 7 de juliol, <strong>Airmatic va celebrar el seu 48\u00e8 aniversari<\/strong> , una data que representa anys de creixement constant, treball en equip i relacions de confian\u00e7a amb clients, col\u00b7laboradors i prove\u00efdors.  <\/span><\/p>\n<p><span style=\"font-weight: 400;\">Des de 1977, Airmatic s&#8217;ha consolidat com una empresa de refer\u00e8ncia en el desenvolupament de solucions industrials en els \u00e0mbits de l&#8217;aire comprimit, buit, refrigeraci\u00f3 industrial i generaci\u00f3 de gasos, aix\u00ed com la maquin\u00e0ria, tecnologia i programari especialitzat per al sector de la fusta.<\/span><\/p>\n<p><span style=\"font-weight: 400;\">Aquest any, la celebraci\u00f3 va tenir lloc juntament amb tot l&#8217;equip d&#8217; <strong>Airmatic Group<\/strong> , i va coincidir amb el <strong>40\u00e8 aniversari de Neofluid<\/strong> , empresa pertanyent al grup des del 2024, revalidant la seva experi\u00e8ncia com a empresa de refer\u00e8ncia a Catalunya central.  <\/span><\/p>\n<p><span style=\"font-weight: 400;\">Durant la celebraci\u00f3 es van recon\u00e8ixer diversos membres de l&#8217;equip que, amb 25 anys de traject\u00f2ria a Airmatic, han contribu\u00eft al creixement de l&#8217;empresa amb la seva dedicaci\u00f3 i professionalitat.<\/span><\/p>\n<p><span style=\"font-weight: 400;\">Volem agrair sincerament la confian\u00e7a de tots aquells que han format part d&#8217;aquest cam\u00ed. Gr\u00e0cies a vosaltres, seguim avan\u00e7ant.  <\/span><\/p>\n","protected":false},"excerpt":{"rendered":"<p>El passat 7 de juliol, Airmatic va celebrar el seu 48\u00e8 aniversari , una data que representa anys de creixement constant, treball en equip i relacions de confian\u00e7a amb clients, col\u00b7laboradors i prove\u00efdors. Des de 1977, Airmatic s&#8217;ha consolidat com una empresa de refer\u00e8ncia en el desenvolupament de solucions industrials en els \u00e0mbits de l&#8217;aire [&hellip;]<\/p>\n","protected":false},"author":4,"featured_media":6741,"comment_status":"open","ping_status":"open","sticky":false,"template":"","format":"standard","meta":{"footnotes":""},"categories":[105],"tags":[],"class_list":["post-6748","post","type-post","status-publish","format-standard","has-post-thumbnail","hentry","category-general-ca"],"yoast_head":"<!-- This site is optimized with the Yoast SEO plugin v27.4 - https:\/\/yoast.com\/product\/yoast-seo-wordpress\/ -->\n<title>Airmatic celebra 48 anys de traject\u00f2ria - Airmatic<\/title>\n<meta name=\"description\" content=\"Airmatic compleix 48 anys de traject\u00f2ria al servei al client i aporta millores tecnol\u00f2giques a la ind\u00fastria\" \/>\n<meta name=\"robots\" content=\"index, follow, max-snippet:-1, max-image-preview:large, max-video-preview:-1\" \/>\n<link rel=\"canonical\" href=\"https:\/\/www.airmatic.es\/ca\/airmatic-celebra-48-anys-de-trajectoria\/\" \/>\n<meta property=\"og:locale\" content=\"ca_ES\" \/>\n<meta property=\"og:type\" content=\"article\" \/>\n<meta property=\"og:title\" content=\"Airmatic celebra 48 anys de traject\u00f2ria - Airmatic\" \/>\n<meta property=\"og:description\" content=\"Airmatic compleix 48 anys de traject\u00f2ria al servei al client i aporta millores tecnol\u00f2giques a la ind\u00fastria\" \/>\n<meta property=\"og:url\" content=\"https:\/\/www.airmatic.es\/ca\/airmatic-celebra-48-anys-de-trajectoria\/\" \/>\n<meta property=\"og:site_name\" content=\"Airmatic\" \/>\n<meta property=\"article:published_time\" content=\"2025-07-11T12:01:29+00:00\" \/>\n<meta property=\"og:image\" content=\"https:\/\/www.airmatic.es\/wp-content\/uploads\/2025\/07\/CIMB4491-scaled.jpg\" \/>\n\t<meta property=\"og:image:width\" content=\"2560\" \/>\n\t<meta property=\"og:image:height\" content=\"1920\" \/>\n\t<meta property=\"og:image:type\" content=\"image\/jpeg\" \/>\n<meta name=\"author\" content=\"Airmatic\" \/>\n<meta name=\"twitter:card\" content=\"summary_large_image\" \/>\n<meta name=\"twitter:label1\" content=\"Escrit per\" \/>\n\t<meta name=\"twitter:data1\" content=\"Airmatic\" \/>\n\t<meta name=\"twitter:label2\" content=\"Temps estimat de lectura\" \/>\n\t<meta name=\"twitter:data2\" content=\"1 minut\" \/>\n<script type=\"application\/ld+json\" class=\"yoast-schema-graph\">{\"@context\":\"https:\\\/\\\/schema.org\",\"@graph\":[{\"@type\":\"Article\",\"@id\":\"https:\\\/\\\/www.airmatic.es\\\/ca\\\/airmatic-celebra-48-anys-de-trajectoria\\\/#article\",\"isPartOf\":{\"@id\":\"https:\\\/\\\/www.airmatic.es\\\/ca\\\/airmatic-celebra-48-anys-de-trajectoria\\\/\"},\"author\":{\"name\":\"Airmatic\",\"@id\":\"https:\\\/\\\/www.airmatic.es\\\/ca\\\/#\\\/schema\\\/person\\\/8fd963f6c991e0a7f7d108582485dfd3\"},\"headline\":\"Airmatic celebra 48 anys de traject\u00f2ria\",\"datePublished\":\"2025-07-11T12:01:29+00:00\",\"mainEntityOfPage\":{\"@id\":\"https:\\\/\\\/www.airmatic.es\\\/ca\\\/airmatic-celebra-48-anys-de-trajectoria\\\/\"},\"wordCount\":186,\"commentCount\":0,\"publisher\":{\"@id\":\"https:\\\/\\\/www.airmatic.es\\\/ca\\\/#organization\"},\"image\":{\"@id\":\"https:\\\/\\\/www.airmatic.es\\\/ca\\\/airmatic-celebra-48-anys-de-trajectoria\\\/#primaryimage\"},\"thumbnailUrl\":\"https:\\\/\\\/www.airmatic.es\\\/wp-content\\\/uploads\\\/2025\\\/07\\\/CIMB4491-scaled.jpg\",\"articleSection\":[\"General\"],\"inLanguage\":\"ca\",\"potentialAction\":[{\"@type\":\"CommentAction\",\"name\":\"Comment\",\"target\":[\"https:\\\/\\\/www.airmatic.es\\\/ca\\\/airmatic-celebra-48-anys-de-trajectoria\\\/#respond\"]}]},{\"@type\":\"WebPage\",\"@id\":\"https:\\\/\\\/www.airmatic.es\\\/ca\\\/airmatic-celebra-48-anys-de-trajectoria\\\/\",\"url\":\"https:\\\/\\\/www.airmatic.es\\\/ca\\\/airmatic-celebra-48-anys-de-trajectoria\\\/\",\"name\":\"Airmatic celebra 48 anys de traject\u00f2ria - Airmatic\",\"isPartOf\":{\"@id\":\"https:\\\/\\\/www.airmatic.es\\\/ca\\\/#website\"},\"primaryImageOfPage\":{\"@id\":\"https:\\\/\\\/www.airmatic.es\\\/ca\\\/airmatic-celebra-48-anys-de-trajectoria\\\/#primaryimage\"},\"image\":{\"@id\":\"https:\\\/\\\/www.airmatic.es\\\/ca\\\/airmatic-celebra-48-anys-de-trajectoria\\\/#primaryimage\"},\"thumbnailUrl\":\"https:\\\/\\\/www.airmatic.es\\\/wp-content\\\/uploads\\\/2025\\\/07\\\/CIMB4491-scaled.jpg\",\"datePublished\":\"2025-07-11T12:01:29+00:00\",\"description\":\"Airmatic compleix 48 anys de traject\u00f2ria al servei al client i aporta millores tecnol\u00f2giques a la ind\u00fastria\",\"breadcrumb\":{\"@id\":\"https:\\\/\\\/www.airmatic.es\\\/ca\\\/airmatic-celebra-48-anys-de-trajectoria\\\/#breadcrumb\"},\"inLanguage\":\"ca\",\"potentialAction\":[{\"@type\":\"ReadAction\",\"target\":[\"https:\\\/\\\/www.airmatic.es\\\/ca\\\/airmatic-celebra-48-anys-de-trajectoria\\\/\"]}]},{\"@type\":\"ImageObject\",\"inLanguage\":\"ca\",\"@id\":\"https:\\\/\\\/www.airmatic.es\\\/ca\\\/airmatic-celebra-48-anys-de-trajectoria\\\/#primaryimage\",\"url\":\"https:\\\/\\\/www.airmatic.es\\\/wp-content\\\/uploads\\\/2025\\\/07\\\/CIMB4491-scaled.jpg\",\"contentUrl\":\"https:\\\/\\\/www.airmatic.es\\\/wp-content\\\/uploads\\\/2025\\\/07\\\/CIMB4491-scaled.jpg\",\"width\":2560,\"height\":1920,\"caption\":\"Gerencia de Airmatic y Neofluid celebrando el aniversario de la compa\u00f1\u00eda\"},{\"@type\":\"BreadcrumbList\",\"@id\":\"https:\\\/\\\/www.airmatic.es\\\/ca\\\/airmatic-celebra-48-anys-de-trajectoria\\\/#breadcrumb\",\"itemListElement\":[{\"@type\":\"ListItem\",\"position\":1,\"name\":\"Portada\",\"item\":\"https:\\\/\\\/www.airmatic.es\\\/ca\\\/airmatic-solucions-industrials-dalta-eficiencia\\\/\"},{\"@type\":\"ListItem\",\"position\":2,\"name\":\"Airmatic celebra 48 anys de traject\u00f2ria\"}]},{\"@type\":\"WebSite\",\"@id\":\"https:\\\/\\\/www.airmatic.es\\\/ca\\\/#website\",\"url\":\"https:\\\/\\\/www.airmatic.es\\\/ca\\\/\",\"name\":\"Airmatic\",\"description\":\"Airmatic: Soluciones Industriales de alta eficiencia\",\"publisher\":{\"@id\":\"https:\\\/\\\/www.airmatic.es\\\/ca\\\/#organization\"},\"potentialAction\":[{\"@type\":\"SearchAction\",\"target\":{\"@type\":\"EntryPoint\",\"urlTemplate\":\"https:\\\/\\\/www.airmatic.es\\\/ca\\\/?s={search_term_string}\"},\"query-input\":{\"@type\":\"PropertyValueSpecification\",\"valueRequired\":true,\"valueName\":\"search_term_string\"}}],\"inLanguage\":\"ca\"},{\"@type\":\"Organization\",\"@id\":\"https:\\\/\\\/www.airmatic.es\\\/ca\\\/#organization\",\"name\":\"Airmatic\",\"url\":\"https:\\\/\\\/www.airmatic.es\\\/ca\\\/\",\"logo\":{\"@type\":\"ImageObject\",\"inLanguage\":\"ca\",\"@id\":\"https:\\\/\\\/www.airmatic.es\\\/ca\\\/#\\\/schema\\\/logo\\\/image\\\/\",\"url\":\"https:\\\/\\\/www.airmatic.es\\\/wp-content\\\/uploads\\\/2024\\\/05\\\/cropped-Logotip-Airmatic-scaled-1.webp\",\"contentUrl\":\"https:\\\/\\\/www.airmatic.es\\\/wp-content\\\/uploads\\\/2024\\\/05\\\/cropped-Logotip-Airmatic-scaled-1.webp\",\"width\":2559,\"height\":808,\"caption\":\"Airmatic\"},\"image\":{\"@id\":\"https:\\\/\\\/www.airmatic.es\\\/ca\\\/#\\\/schema\\\/logo\\\/image\\\/\"}},{\"@type\":\"Person\",\"@id\":\"https:\\\/\\\/www.airmatic.es\\\/ca\\\/#\\\/schema\\\/person\\\/8fd963f6c991e0a7f7d108582485dfd3\",\"name\":\"Airmatic\",\"image\":{\"@type\":\"ImageObject\",\"inLanguage\":\"ca\",\"@id\":\"https:\\\/\\\/secure.gravatar.com\\\/avatar\\\/314446466896ba2cd3050a3060ff308dbe353dcb40efbae4a7298f902a1dd522?s=96&d=mm&r=g\",\"url\":\"https:\\\/\\\/secure.gravatar.com\\\/avatar\\\/314446466896ba2cd3050a3060ff308dbe353dcb40efbae4a7298f902a1dd522?s=96&d=mm&r=g\",\"contentUrl\":\"https:\\\/\\\/secure.gravatar.com\\\/avatar\\\/314446466896ba2cd3050a3060ff308dbe353dcb40efbae4a7298f902a1dd522?s=96&d=mm&r=g\",\"caption\":\"Airmatic\"}}]}<\/script>\n<!-- \/ Yoast SEO plugin. -->","yoast_head_json":{"title":"Airmatic celebra 48 anys de traject\u00f2ria - Airmatic","description":"Airmatic compleix 48 anys de traject\u00f2ria al servei al client i aporta millores tecnol\u00f2giques a la ind\u00fastria","robots":{"index":"index","follow":"follow","max-snippet":"max-snippet:-1","max-image-preview":"max-image-preview:large","max-video-preview":"max-video-preview:-1"},"canonical":"https:\/\/www.airmatic.es\/ca\/airmatic-celebra-48-anys-de-trajectoria\/","og_locale":"ca_ES","og_type":"article","og_title":"Airmatic celebra 48 anys de traject\u00f2ria - Airmatic","og_description":"Airmatic compleix 48 anys de traject\u00f2ria al servei al client i aporta millores tecnol\u00f2giques a la ind\u00fastria","og_url":"https:\/\/www.airmatic.es\/ca\/airmatic-celebra-48-anys-de-trajectoria\/","og_site_name":"Airmatic","article_published_time":"2025-07-11T12:01:29+00:00","og_image":[{"width":2560,"height":1920,"url":"https:\/\/www.airmatic.es\/wp-content\/uploads\/2025\/07\/CIMB4491-scaled.jpg","type":"image\/jpeg"}],"author":"Airmatic","twitter_card":"summary_large_image","twitter_misc":{"Escrit per":"Airmatic","Temps estimat de lectura":"1 minut"},"schema":{"@context":"https:\/\/schema.org","@graph":[{"@type":"Article","@id":"https:\/\/www.airmatic.es\/ca\/airmatic-celebra-48-anys-de-trajectoria\/#article","isPartOf":{"@id":"https:\/\/www.airmatic.es\/ca\/airmatic-celebra-48-anys-de-trajectoria\/"},"author":{"name":"Airmatic","@id":"https:\/\/www.airmatic.es\/ca\/#\/schema\/person\/8fd963f6c991e0a7f7d108582485dfd3"},"headline":"Airmatic celebra 48 anys de traject\u00f2ria","datePublished":"2025-07-11T12:01:29+00:00","mainEntityOfPage":{"@id":"https:\/\/www.airmatic.es\/ca\/airmatic-celebra-48-anys-de-trajectoria\/"},"wordCount":186,"commentCount":0,"publisher":{"@id":"https:\/\/www.airmatic.es\/ca\/#organization"},"image":{"@id":"https:\/\/www.airmatic.es\/ca\/airmatic-celebra-48-anys-de-trajectoria\/#primaryimage"},"thumbnailUrl":"https:\/\/www.airmatic.es\/wp-content\/uploads\/2025\/07\/CIMB4491-scaled.jpg","articleSection":["General"],"inLanguage":"ca","potentialAction":[{"@type":"CommentAction","name":"Comment","target":["https:\/\/www.airmatic.es\/ca\/airmatic-celebra-48-anys-de-trajectoria\/#respond"]}]},{"@type":"WebPage","@id":"https:\/\/www.airmatic.es\/ca\/airmatic-celebra-48-anys-de-trajectoria\/","url":"https:\/\/www.airmatic.es\/ca\/airmatic-celebra-48-anys-de-trajectoria\/","name":"Airmatic celebra 48 anys de traject\u00f2ria - Airmatic","isPartOf":{"@id":"https:\/\/www.airmatic.es\/ca\/#website"},"primaryImageOfPage":{"@id":"https:\/\/www.airmatic.es\/ca\/airmatic-celebra-48-anys-de-trajectoria\/#primaryimage"},"image":{"@id":"https:\/\/www.airmatic.es\/ca\/airmatic-celebra-48-anys-de-trajectoria\/#primaryimage"},"thumbnailUrl":"https:\/\/www.airmatic.es\/wp-content\/uploads\/2025\/07\/CIMB4491-scaled.jpg","datePublished":"2025-07-11T12:01:29+00:00","description":"Airmatic compleix 48 anys de traject\u00f2ria al servei al client i aporta millores tecnol\u00f2giques a la ind\u00fastria","breadcrumb":{"@id":"https:\/\/www.airmatic.es\/ca\/airmatic-celebra-48-anys-de-trajectoria\/#breadcrumb"},"inLanguage":"ca","potentialAction":[{"@type":"ReadAction","target":["https:\/\/www.airmatic.es\/ca\/airmatic-celebra-48-anys-de-trajectoria\/"]}]},{"@type":"ImageObject","inLanguage":"ca","@id":"https:\/\/www.airmatic.es\/ca\/airmatic-celebra-48-anys-de-trajectoria\/#primaryimage","url":"https:\/\/www.airmatic.es\/wp-content\/uploads\/2025\/07\/CIMB4491-scaled.jpg","contentUrl":"https:\/\/www.airmatic.es\/wp-content\/uploads\/2025\/07\/CIMB4491-scaled.jpg","width":2560,"height":1920,"caption":"Gerencia de Airmatic y Neofluid celebrando el aniversario de la compa\u00f1\u00eda"},{"@type":"BreadcrumbList","@id":"https:\/\/www.airmatic.es\/ca\/airmatic-celebra-48-anys-de-trajectoria\/#breadcrumb","itemListElement":[{"@type":"ListItem","position":1,"name":"Portada","item":"https:\/\/www.airmatic.es\/ca\/airmatic-solucions-industrials-dalta-eficiencia\/"},{"@type":"ListItem","position":2,"name":"Airmatic celebra 48 anys de traject\u00f2ria"}]},{"@type":"WebSite","@id":"https:\/\/www.airmatic.es\/ca\/#website","url":"https:\/\/www.airmatic.es\/ca\/","name":"Airmatic","description":"Airmatic: Soluciones Industriales de alta eficiencia","publisher":{"@id":"https:\/\/www.airmatic.es\/ca\/#organization"},"potentialAction":[{"@type":"SearchAction","target":{"@type":"EntryPoint","urlTemplate":"https:\/\/www.airmatic.es\/ca\/?s={search_term_string}"},"query-input":{"@type":"PropertyValueSpecification","valueRequired":true,"valueName":"search_term_string"}}],"inLanguage":"ca"},{"@type":"Organization","@id":"https:\/\/www.airmatic.es\/ca\/#organization","name":"Airmatic","url":"https:\/\/www.airmatic.es\/ca\/","logo":{"@type":"ImageObject","inLanguage":"ca","@id":"https:\/\/www.airmatic.es\/ca\/#\/schema\/logo\/image\/","url":"https:\/\/www.airmatic.es\/wp-content\/uploads\/2024\/05\/cropped-Logotip-Airmatic-scaled-1.webp","contentUrl":"https:\/\/www.airmatic.es\/wp-content\/uploads\/2024\/05\/cropped-Logotip-Airmatic-scaled-1.webp","width":2559,"height":808,"caption":"Airmatic"},"image":{"@id":"https:\/\/www.airmatic.es\/ca\/#\/schema\/logo\/image\/"}},{"@type":"Person","@id":"https:\/\/www.airmatic.es\/ca\/#\/schema\/person\/8fd963f6c991e0a7f7d108582485dfd3","name":"Airmatic","image":{"@type":"ImageObject","inLanguage":"ca","@id":"https:\/\/secure.gravatar.com\/avatar\/314446466896ba2cd3050a3060ff308dbe353dcb40efbae4a7298f902a1dd522?s=96&d=mm&r=g","url":"https:\/\/secure.gravatar.com\/avatar\/314446466896ba2cd3050a3060ff308dbe353dcb40efbae4a7298f902a1dd522?s=96&d=mm&r=g","contentUrl":"https:\/\/secure.gravatar.com\/avatar\/314446466896ba2cd3050a3060ff308dbe353dcb40efbae4a7298f902a1dd522?s=96&d=mm&r=g","caption":"Airmatic"}}]}},"_links":{"self":[{"href":"https:\/\/www.airmatic.es\/ca\/wp-json\/wp\/v2\/posts\/6748","targetHints":{"allow":["GET"]}}],"collection":[{"href":"https:\/\/www.airmatic.es\/ca\/wp-json\/wp\/v2\/posts"}],"about":[{"href":"https:\/\/www.airmatic.es\/ca\/wp-json\/wp\/v2\/types\/post"}],"author":[{"embeddable":true,"href":"https:\/\/www.airmatic.es\/ca\/wp-json\/wp\/v2\/users\/4"}],"replies":[{"embeddable":true,"href":"https:\/\/www.airmatic.es\/ca\/wp-json\/wp\/v2\/comments?post=6748"}],"version-history":[{"count":0,"href":"https:\/\/www.airmatic.es\/ca\/wp-json\/wp\/v2\/posts\/6748\/revisions"}],"wp:featuredmedia":[{"embeddable":true,"href":"https:\/\/www.airmatic.es\/ca\/wp-json\/wp\/v2\/media\/6741"}],"wp:attachment":[{"href":"https:\/\/www.airmatic.es\/ca\/wp-json\/wp\/v2\/media?parent=6748"}],"wp:term":[{"taxonomy":"category","embeddable":true,"href":"https:\/\/www.airmatic.es\/ca\/wp-json\/wp\/v2\/categories?post=6748"},{"taxonomy":"post_tag","embeddable":true,"href":"https:\/\/www.airmatic.es\/ca\/wp-json\/wp\/v2\/tags?post=6748"}],"curies":[{"name":"wp","href":"https:\/\/api.w.org\/{rel}","templated":true}]}}