{"id":6819,"date":"2025-11-05T08:33:23","date_gmt":"2025-11-05T07:33:23","guid":{"rendered":"https:\/\/www.airmatic.es\/la-marxa-de-les-persones-sacomiada-despres-de-44-anys-de-compromis-i-comunitat\/"},"modified":"2026-01-30T08:55:31","modified_gmt":"2026-01-30T07:55:31","slug":"la-marxa-de-les-persones-sacomiada-despres-de-44-anys-de-compromis-i-comunitat","status":"publish","type":"post","link":"https:\/\/www.airmatic.es\/ca\/la-marxa-de-les-persones-sacomiada-despres-de-44-anys-de-compromis-i-comunitat\/","title":{"rendered":"La Marxa de les Persones s\u2019acomiada despr\u00e9s de 44 anys de comprom\u00eds i comunitat"},"content":{"rendered":"<p>L\u2019any 1980, el Dr. Pere Berbel, juntament amb diversos professionals del Parc Taul\u00ed Hospital Universitari de Sabadell, va iniciar una caminada cap al Monestir de Montserrat. El que podia haver estat simplement una sortida entre companys, va acabar convertint-se en una iniciativa plena de significat: <strong>recordar que totes les persones importen<\/strong>, sense excepci\u00f3. <\/p>\n<p>A partir d\u2019aquell primer recorregut, va n\u00e9ixer la <strong>Marxa de les Persones<\/strong>. Any rere any, durant m\u00e9s de quatre d\u00e8cades, centenars de persones han recorregut plegades el cam\u00ed cap a Montserrat. Moltes d\u2019elles hi han participat de manera continuada, convertint aquesta trobada en un espai de conviv\u00e8ncia, esfor\u00e7 compartit i solidaritat. La Marxa ha estat, per a molts, u   <\/p>\n<p><img fetchpriority=\"high\" decoding=\"async\" class=\"wp-image-6773 aligncenter\" src=\"https:\/\/www.airmatic.es\/wp-content\/uploads\/2025\/11\/Captura-de-pantalla-2025-11-05-082040-e1762328211821-300x206.png\" alt=\"Reconeixement a Airmatic pel seu suport a la Marxa de les Persones\" width=\"394\" height=\"257\"><\/p>\n<p>Aquest 2025, la Marxa de les Persones ha viscut la seva <strong>darrera edici\u00f3<\/strong>. El passat 4 d\u2019octubre, participants de diferents generacions es van reunir per caminar plegats per \u00faltima vegada fins al Monestir. Va ser una jornada emotiva, plena de records compartits i d\u2019agra\u00efment per tot el cam\u00ed recorregut al llarg d\u2019aquests 44 anys.  <\/p>\n<p>Des d\u2019<strong>AIRMATIC<\/strong>, hem tingut l\u2019honor de formar part de la Marxa des de la seva primera edici\u00f3. Hem caminat, hem col\u00b7laborat i hem donat suport a la causa de manera constant, conven\u00e7uts que el valor d\u2019una comunitat es refor\u00e7a quan ens fem costat. <\/p>\n<p>Volem expressar un agra\u00efment <strong>profund al Dr. Pere Berbel<\/strong>, impulsor i \u00e0nima d\u2019aquesta iniciativa. La seva dedicaci\u00f3, perseveran\u00e7a i convicci\u00f3 han fet possible que aquesta Marxa es mantingu\u00e9s viva durant tant temps, construint un llegat que transcendeix el seu final. <\/p>\n<p>La Marxa de les Persones s\u2019acomiada, per\u00f2 el seu missatge perdura: <strong>quan caminem junts, avancem m\u00e9s lluny. <\/strong><\/p>\n","protected":false},"excerpt":{"rendered":"<p>L\u2019any 1980, el Dr. Pere Berbel, juntament amb diversos professionals del Parc Taul\u00ed Hospital Universitari de Sabadell, va iniciar una caminada cap al Monestir de Montserrat. El que podia haver estat simplement una sortida entre companys, va acabar convertint-se en una iniciativa plena de significat: recordar que totes les persones importen, sense excepci\u00f3. A partir [&hellip;]<\/p>\n","protected":false},"author":2,"featured_media":6776,"comment_status":"open","ping_status":"open","sticky":false,"template":"","format":"standard","meta":{"footnotes":""},"categories":[102],"tags":[],"class_list":["post-6819","post","type-post","status-publish","format-standard","has-post-thumbnail","hentry","category-rsc-ca"],"yoast_head":"<!-- This site is optimized with the Yoast SEO plugin v27.4 - https:\/\/yoast.com\/product\/yoast-seo-wordpress\/ -->\n<title>La Marxa de les Persones s\u2019acomiada despr\u00e9s de 44 anys de comprom\u00eds i comunitat - Airmatic<\/title>\n<meta name=\"description\" content=\"La marxa solid\u00e0ria La marxa de les Persones s&#039;acomiada despr\u00e9s de 44 anys de crear comunitat i comprom\u00eds per a la igualtat.\" \/>\n<meta name=\"robots\" content=\"index, follow, max-snippet:-1, max-image-preview:large, max-video-preview:-1\" \/>\n<link rel=\"canonical\" href=\"https:\/\/www.airmatic.es\/ca\/la-marxa-de-les-persones-sacomiada-despres-de-44-anys-de-compromis-i-comunitat\/\" \/>\n<meta property=\"og:locale\" content=\"ca_ES\" \/>\n<meta property=\"og:type\" content=\"article\" \/>\n<meta property=\"og:title\" content=\"La Marxa de les Persones s\u2019acomiada despr\u00e9s de 44 anys de comprom\u00eds i comunitat - Airmatic\" \/>\n<meta property=\"og:description\" content=\"La marxa solid\u00e0ria La marxa de les Persones s&#039;acomiada despr\u00e9s de 44 anys de crear comunitat i comprom\u00eds per a la igualtat.\" \/>\n<meta property=\"og:url\" content=\"https:\/\/www.airmatic.es\/ca\/la-marxa-de-les-persones-sacomiada-despres-de-44-anys-de-compromis-i-comunitat\/\" \/>\n<meta property=\"og:site_name\" content=\"Airmatic\" \/>\n<meta property=\"article:published_time\" content=\"2025-11-05T07:33:23+00:00\" \/>\n<meta property=\"article:modified_time\" content=\"2026-01-30T07:55:31+00:00\" \/>\n<meta property=\"og:image\" content=\"https:\/\/www.airmatic.es\/wp-content\/uploads\/2025\/11\/mp1.jpg\" \/>\n\t<meta property=\"og:image:width\" content=\"1440\" \/>\n\t<meta property=\"og:image:height\" content=\"1080\" \/>\n\t<meta property=\"og:image:type\" content=\"image\/jpeg\" \/>\n<meta name=\"author\" content=\"Mireia Mar\u00edn\" \/>\n<meta name=\"twitter:card\" content=\"summary_large_image\" \/>\n<meta name=\"twitter:label1\" content=\"Escrit per\" \/>\n\t<meta name=\"twitter:data1\" content=\"Mireia Mar\u00edn\" \/>\n\t<meta name=\"twitter:label2\" content=\"Temps estimat de lectura\" \/>\n\t<meta name=\"twitter:data2\" content=\"1 minut\" \/>\n<script type=\"application\/ld+json\" class=\"yoast-schema-graph\">{\"@context\":\"https:\\\/\\\/schema.org\",\"@graph\":[{\"@type\":\"Article\",\"@id\":\"https:\\\/\\\/www.airmatic.es\\\/ca\\\/la-marxa-de-les-persones-sacomiada-despres-de-44-anys-de-compromis-i-comunitat\\\/#article\",\"isPartOf\":{\"@id\":\"https:\\\/\\\/www.airmatic.es\\\/ca\\\/la-marxa-de-les-persones-sacomiada-despres-de-44-anys-de-compromis-i-comunitat\\\/\"},\"author\":{\"name\":\"Mireia Mar\u00edn\",\"@id\":\"https:\\\/\\\/www.airmatic.es\\\/ca\\\/#\\\/schema\\\/person\\\/1b3b6c2e83060314d37bb2cb249145b7\"},\"headline\":\"La Marxa de les Persones s\u2019acomiada despr\u00e9s de 44 anys de comprom\u00eds i comunitat\",\"datePublished\":\"2025-11-05T07:33:23+00:00\",\"dateModified\":\"2026-01-30T07:55:31+00:00\",\"mainEntityOfPage\":{\"@id\":\"https:\\\/\\\/www.airmatic.es\\\/ca\\\/la-marxa-de-les-persones-sacomiada-despres-de-44-anys-de-compromis-i-comunitat\\\/\"},\"wordCount\":301,\"commentCount\":0,\"publisher\":{\"@id\":\"https:\\\/\\\/www.airmatic.es\\\/ca\\\/#organization\"},\"image\":{\"@id\":\"https:\\\/\\\/www.airmatic.es\\\/ca\\\/la-marxa-de-les-persones-sacomiada-despres-de-44-anys-de-compromis-i-comunitat\\\/#primaryimage\"},\"thumbnailUrl\":\"https:\\\/\\\/www.airmatic.es\\\/wp-content\\\/uploads\\\/2025\\\/11\\\/mp1.jpg\",\"articleSection\":[\"RSC\"],\"inLanguage\":\"ca\",\"potentialAction\":[{\"@type\":\"CommentAction\",\"name\":\"Comment\",\"target\":[\"https:\\\/\\\/www.airmatic.es\\\/ca\\\/la-marxa-de-les-persones-sacomiada-despres-de-44-anys-de-compromis-i-comunitat\\\/#respond\"]}]},{\"@type\":\"WebPage\",\"@id\":\"https:\\\/\\\/www.airmatic.es\\\/ca\\\/la-marxa-de-les-persones-sacomiada-despres-de-44-anys-de-compromis-i-comunitat\\\/\",\"url\":\"https:\\\/\\\/www.airmatic.es\\\/ca\\\/la-marxa-de-les-persones-sacomiada-despres-de-44-anys-de-compromis-i-comunitat\\\/\",\"name\":\"La Marxa de les Persones s\u2019acomiada despr\u00e9s de 44 anys de comprom\u00eds i comunitat - Airmatic\",\"isPartOf\":{\"@id\":\"https:\\\/\\\/www.airmatic.es\\\/ca\\\/#website\"},\"primaryImageOfPage\":{\"@id\":\"https:\\\/\\\/www.airmatic.es\\\/ca\\\/la-marxa-de-les-persones-sacomiada-despres-de-44-anys-de-compromis-i-comunitat\\\/#primaryimage\"},\"image\":{\"@id\":\"https:\\\/\\\/www.airmatic.es\\\/ca\\\/la-marxa-de-les-persones-sacomiada-despres-de-44-anys-de-compromis-i-comunitat\\\/#primaryimage\"},\"thumbnailUrl\":\"https:\\\/\\\/www.airmatic.es\\\/wp-content\\\/uploads\\\/2025\\\/11\\\/mp1.jpg\",\"datePublished\":\"2025-11-05T07:33:23+00:00\",\"dateModified\":\"2026-01-30T07:55:31+00:00\",\"description\":\"La marxa solid\u00e0ria La marxa de les Persones s'acomiada despr\u00e9s de 44 anys de crear comunitat i comprom\u00eds per a la igualtat.\",\"breadcrumb\":{\"@id\":\"https:\\\/\\\/www.airmatic.es\\\/ca\\\/la-marxa-de-les-persones-sacomiada-despres-de-44-anys-de-compromis-i-comunitat\\\/#breadcrumb\"},\"inLanguage\":\"ca\",\"potentialAction\":[{\"@type\":\"ReadAction\",\"target\":[\"https:\\\/\\\/www.airmatic.es\\\/ca\\\/la-marxa-de-les-persones-sacomiada-despres-de-44-anys-de-compromis-i-comunitat\\\/\"]}]},{\"@type\":\"ImageObject\",\"inLanguage\":\"ca\",\"@id\":\"https:\\\/\\\/www.airmatic.es\\\/ca\\\/la-marxa-de-les-persones-sacomiada-despres-de-44-anys-de-compromis-i-comunitat\\\/#primaryimage\",\"url\":\"https:\\\/\\\/www.airmatic.es\\\/wp-content\\\/uploads\\\/2025\\\/11\\\/mp1.jpg\",\"contentUrl\":\"https:\\\/\\\/www.airmatic.es\\\/wp-content\\\/uploads\\\/2025\\\/11\\\/mp1.jpg\",\"width\":1440,\"height\":1080,\"caption\":\"Participantes de la Marcha de las Personas camino de Montserrat\"},{\"@type\":\"BreadcrumbList\",\"@id\":\"https:\\\/\\\/www.airmatic.es\\\/ca\\\/la-marxa-de-les-persones-sacomiada-despres-de-44-anys-de-compromis-i-comunitat\\\/#breadcrumb\",\"itemListElement\":[{\"@type\":\"ListItem\",\"position\":1,\"name\":\"Portada\",\"item\":\"https:\\\/\\\/www.airmatic.es\\\/ca\\\/airmatic-solucions-industrials-dalta-eficiencia\\\/\"},{\"@type\":\"ListItem\",\"position\":2,\"name\":\"La Marxa de les Persones s\u2019acomiada despr\u00e9s de 44 anys de comprom\u00eds i comunitat\"}]},{\"@type\":\"WebSite\",\"@id\":\"https:\\\/\\\/www.airmatic.es\\\/ca\\\/#website\",\"url\":\"https:\\\/\\\/www.airmatic.es\\\/ca\\\/\",\"name\":\"Airmatic\",\"description\":\"Airmatic: Soluciones Industriales de alta eficiencia\",\"publisher\":{\"@id\":\"https:\\\/\\\/www.airmatic.es\\\/ca\\\/#organization\"},\"potentialAction\":[{\"@type\":\"SearchAction\",\"target\":{\"@type\":\"EntryPoint\",\"urlTemplate\":\"https:\\\/\\\/www.airmatic.es\\\/ca\\\/?s={search_term_string}\"},\"query-input\":{\"@type\":\"PropertyValueSpecification\",\"valueRequired\":true,\"valueName\":\"search_term_string\"}}],\"inLanguage\":\"ca\"},{\"@type\":\"Organization\",\"@id\":\"https:\\\/\\\/www.airmatic.es\\\/ca\\\/#organization\",\"name\":\"Airmatic\",\"url\":\"https:\\\/\\\/www.airmatic.es\\\/ca\\\/\",\"logo\":{\"@type\":\"ImageObject\",\"inLanguage\":\"ca\",\"@id\":\"https:\\\/\\\/www.airmatic.es\\\/ca\\\/#\\\/schema\\\/logo\\\/image\\\/\",\"url\":\"https:\\\/\\\/www.airmatic.es\\\/wp-content\\\/uploads\\\/2024\\\/05\\\/cropped-Logotip-Airmatic-scaled-1.webp\",\"contentUrl\":\"https:\\\/\\\/www.airmatic.es\\\/wp-content\\\/uploads\\\/2024\\\/05\\\/cropped-Logotip-Airmatic-scaled-1.webp\",\"width\":2559,\"height\":808,\"caption\":\"Airmatic\"},\"image\":{\"@id\":\"https:\\\/\\\/www.airmatic.es\\\/ca\\\/#\\\/schema\\\/logo\\\/image\\\/\"}},{\"@type\":\"Person\",\"@id\":\"https:\\\/\\\/www.airmatic.es\\\/ca\\\/#\\\/schema\\\/person\\\/1b3b6c2e83060314d37bb2cb249145b7\",\"name\":\"Mireia Mar\u00edn\",\"image\":{\"@type\":\"ImageObject\",\"inLanguage\":\"ca\",\"@id\":\"https:\\\/\\\/secure.gravatar.com\\\/avatar\\\/d270c19696cfee606c7602cc4646efb3e669501844f2442c0b598ad3ea3bb9e5?s=96&d=mm&r=g\",\"url\":\"https:\\\/\\\/secure.gravatar.com\\\/avatar\\\/d270c19696cfee606c7602cc4646efb3e669501844f2442c0b598ad3ea3bb9e5?s=96&d=mm&r=g\",\"contentUrl\":\"https:\\\/\\\/secure.gravatar.com\\\/avatar\\\/d270c19696cfee606c7602cc4646efb3e669501844f2442c0b598ad3ea3bb9e5?s=96&d=mm&r=g\",\"caption\":\"Mireia Mar\u00edn\"}}]}<\/script>\n<!-- \/ Yoast SEO plugin. -->","yoast_head_json":{"title":"La Marxa de les Persones s\u2019acomiada despr\u00e9s de 44 anys de comprom\u00eds i comunitat - Airmatic","description":"La marxa solid\u00e0ria La marxa de les Persones s'acomiada despr\u00e9s de 44 anys de crear comunitat i comprom\u00eds per a la igualtat.","robots":{"index":"index","follow":"follow","max-snippet":"max-snippet:-1","max-image-preview":"max-image-preview:large","max-video-preview":"max-video-preview:-1"},"canonical":"https:\/\/www.airmatic.es\/ca\/la-marxa-de-les-persones-sacomiada-despres-de-44-anys-de-compromis-i-comunitat\/","og_locale":"ca_ES","og_type":"article","og_title":"La Marxa de les Persones s\u2019acomiada despr\u00e9s de 44 anys de comprom\u00eds i comunitat - Airmatic","og_description":"La marxa solid\u00e0ria La marxa de les Persones s'acomiada despr\u00e9s de 44 anys de crear comunitat i comprom\u00eds per a la igualtat.","og_url":"https:\/\/www.airmatic.es\/ca\/la-marxa-de-les-persones-sacomiada-despres-de-44-anys-de-compromis-i-comunitat\/","og_site_name":"Airmatic","article_published_time":"2025-11-05T07:33:23+00:00","article_modified_time":"2026-01-30T07:55:31+00:00","og_image":[{"width":1440,"height":1080,"url":"https:\/\/www.airmatic.es\/wp-content\/uploads\/2025\/11\/mp1.jpg","type":"image\/jpeg"}],"author":"Mireia Mar\u00edn","twitter_card":"summary_large_image","twitter_misc":{"Escrit per":"Mireia Mar\u00edn","Temps estimat de lectura":"1 minut"},"schema":{"@context":"https:\/\/schema.org","@graph":[{"@type":"Article","@id":"https:\/\/www.airmatic.es\/ca\/la-marxa-de-les-persones-sacomiada-despres-de-44-anys-de-compromis-i-comunitat\/#article","isPartOf":{"@id":"https:\/\/www.airmatic.es\/ca\/la-marxa-de-les-persones-sacomiada-despres-de-44-anys-de-compromis-i-comunitat\/"},"author":{"name":"Mireia Mar\u00edn","@id":"https:\/\/www.airmatic.es\/ca\/#\/schema\/person\/1b3b6c2e83060314d37bb2cb249145b7"},"headline":"La Marxa de les Persones s\u2019acomiada despr\u00e9s de 44 anys de comprom\u00eds i comunitat","datePublished":"2025-11-05T07:33:23+00:00","dateModified":"2026-01-30T07:55:31+00:00","mainEntityOfPage":{"@id":"https:\/\/www.airmatic.es\/ca\/la-marxa-de-les-persones-sacomiada-despres-de-44-anys-de-compromis-i-comunitat\/"},"wordCount":301,"commentCount":0,"publisher":{"@id":"https:\/\/www.airmatic.es\/ca\/#organization"},"image":{"@id":"https:\/\/www.airmatic.es\/ca\/la-marxa-de-les-persones-sacomiada-despres-de-44-anys-de-compromis-i-comunitat\/#primaryimage"},"thumbnailUrl":"https:\/\/www.airmatic.es\/wp-content\/uploads\/2025\/11\/mp1.jpg","articleSection":["RSC"],"inLanguage":"ca","potentialAction":[{"@type":"CommentAction","name":"Comment","target":["https:\/\/www.airmatic.es\/ca\/la-marxa-de-les-persones-sacomiada-despres-de-44-anys-de-compromis-i-comunitat\/#respond"]}]},{"@type":"WebPage","@id":"https:\/\/www.airmatic.es\/ca\/la-marxa-de-les-persones-sacomiada-despres-de-44-anys-de-compromis-i-comunitat\/","url":"https:\/\/www.airmatic.es\/ca\/la-marxa-de-les-persones-sacomiada-despres-de-44-anys-de-compromis-i-comunitat\/","name":"La Marxa de les Persones s\u2019acomiada despr\u00e9s de 44 anys de comprom\u00eds i comunitat - Airmatic","isPartOf":{"@id":"https:\/\/www.airmatic.es\/ca\/#website"},"primaryImageOfPage":{"@id":"https:\/\/www.airmatic.es\/ca\/la-marxa-de-les-persones-sacomiada-despres-de-44-anys-de-compromis-i-comunitat\/#primaryimage"},"image":{"@id":"https:\/\/www.airmatic.es\/ca\/la-marxa-de-les-persones-sacomiada-despres-de-44-anys-de-compromis-i-comunitat\/#primaryimage"},"thumbnailUrl":"https:\/\/www.airmatic.es\/wp-content\/uploads\/2025\/11\/mp1.jpg","datePublished":"2025-11-05T07:33:23+00:00","dateModified":"2026-01-30T07:55:31+00:00","description":"La marxa solid\u00e0ria La marxa de les Persones s'acomiada despr\u00e9s de 44 anys de crear comunitat i comprom\u00eds per a la igualtat.","breadcrumb":{"@id":"https:\/\/www.airmatic.es\/ca\/la-marxa-de-les-persones-sacomiada-despres-de-44-anys-de-compromis-i-comunitat\/#breadcrumb"},"inLanguage":"ca","potentialAction":[{"@type":"ReadAction","target":["https:\/\/www.airmatic.es\/ca\/la-marxa-de-les-persones-sacomiada-despres-de-44-anys-de-compromis-i-comunitat\/"]}]},{"@type":"ImageObject","inLanguage":"ca","@id":"https:\/\/www.airmatic.es\/ca\/la-marxa-de-les-persones-sacomiada-despres-de-44-anys-de-compromis-i-comunitat\/#primaryimage","url":"https:\/\/www.airmatic.es\/wp-content\/uploads\/2025\/11\/mp1.jpg","contentUrl":"https:\/\/www.airmatic.es\/wp-content\/uploads\/2025\/11\/mp1.jpg","width":1440,"height":1080,"caption":"Participantes de la Marcha de las Personas camino de Montserrat"},{"@type":"BreadcrumbList","@id":"https:\/\/www.airmatic.es\/ca\/la-marxa-de-les-persones-sacomiada-despres-de-44-anys-de-compromis-i-comunitat\/#breadcrumb","itemListElement":[{"@type":"ListItem","position":1,"name":"Portada","item":"https:\/\/www.airmatic.es\/ca\/airmatic-solucions-industrials-dalta-eficiencia\/"},{"@type":"ListItem","position":2,"name":"La Marxa de les Persones s\u2019acomiada despr\u00e9s de 44 anys de comprom\u00eds i comunitat"}]},{"@type":"WebSite","@id":"https:\/\/www.airmatic.es\/ca\/#website","url":"https:\/\/www.airmatic.es\/ca\/","name":"Airmatic","description":"Airmatic: Soluciones Industriales de alta eficiencia","publisher":{"@id":"https:\/\/www.airmatic.es\/ca\/#organization"},"potentialAction":[{"@type":"SearchAction","target":{"@type":"EntryPoint","urlTemplate":"https:\/\/www.airmatic.es\/ca\/?s={search_term_string}"},"query-input":{"@type":"PropertyValueSpecification","valueRequired":true,"valueName":"search_term_string"}}],"inLanguage":"ca"},{"@type":"Organization","@id":"https:\/\/www.airmatic.es\/ca\/#organization","name":"Airmatic","url":"https:\/\/www.airmatic.es\/ca\/","logo":{"@type":"ImageObject","inLanguage":"ca","@id":"https:\/\/www.airmatic.es\/ca\/#\/schema\/logo\/image\/","url":"https:\/\/www.airmatic.es\/wp-content\/uploads\/2024\/05\/cropped-Logotip-Airmatic-scaled-1.webp","contentUrl":"https:\/\/www.airmatic.es\/wp-content\/uploads\/2024\/05\/cropped-Logotip-Airmatic-scaled-1.webp","width":2559,"height":808,"caption":"Airmatic"},"image":{"@id":"https:\/\/www.airmatic.es\/ca\/#\/schema\/logo\/image\/"}},{"@type":"Person","@id":"https:\/\/www.airmatic.es\/ca\/#\/schema\/person\/1b3b6c2e83060314d37bb2cb249145b7","name":"Mireia Mar\u00edn","image":{"@type":"ImageObject","inLanguage":"ca","@id":"https:\/\/secure.gravatar.com\/avatar\/d270c19696cfee606c7602cc4646efb3e669501844f2442c0b598ad3ea3bb9e5?s=96&d=mm&r=g","url":"https:\/\/secure.gravatar.com\/avatar\/d270c19696cfee606c7602cc4646efb3e669501844f2442c0b598ad3ea3bb9e5?s=96&d=mm&r=g","contentUrl":"https:\/\/secure.gravatar.com\/avatar\/d270c19696cfee606c7602cc4646efb3e669501844f2442c0b598ad3ea3bb9e5?s=96&d=mm&r=g","caption":"Mireia Mar\u00edn"}}]}},"_links":{"self":[{"href":"https:\/\/www.airmatic.es\/ca\/wp-json\/wp\/v2\/posts\/6819","targetHints":{"allow":["GET"]}}],"collection":[{"href":"https:\/\/www.airmatic.es\/ca\/wp-json\/wp\/v2\/posts"}],"about":[{"href":"https:\/\/www.airmatic.es\/ca\/wp-json\/wp\/v2\/types\/post"}],"author":[{"embeddable":true,"href":"https:\/\/www.airmatic.es\/ca\/wp-json\/wp\/v2\/users\/2"}],"replies":[{"embeddable":true,"href":"https:\/\/www.airmatic.es\/ca\/wp-json\/wp\/v2\/comments?post=6819"}],"version-history":[{"count":1,"href":"https:\/\/www.airmatic.es\/ca\/wp-json\/wp\/v2\/posts\/6819\/revisions"}],"predecessor-version":[{"id":6822,"href":"https:\/\/www.airmatic.es\/ca\/wp-json\/wp\/v2\/posts\/6819\/revisions\/6822"}],"wp:featuredmedia":[{"embeddable":true,"href":"https:\/\/www.airmatic.es\/ca\/wp-json\/wp\/v2\/media\/6776"}],"wp:attachment":[{"href":"https:\/\/www.airmatic.es\/ca\/wp-json\/wp\/v2\/media?parent=6819"}],"wp:term":[{"taxonomy":"category","embeddable":true,"href":"https:\/\/www.airmatic.es\/ca\/wp-json\/wp\/v2\/categories?post=6819"},{"taxonomy":"post_tag","embeddable":true,"href":"https:\/\/www.airmatic.es\/ca\/wp-json\/wp\/v2\/tags?post=6819"}],"curies":[{"name":"wp","href":"https:\/\/api.w.org\/{rel}","templated":true}]}}